{"id":9542,"date":"2019-09-23T00:12:12","date_gmt":"2019-09-22T22:12:12","guid":{"rendered":"http:\/\/www.medskvz.org\/web\/?p=9542"},"modified":"2019-09-23T00:13:51","modified_gmt":"2019-09-22T22:13:51","slug":"svjetski-dan-kronicne-mijeloicne-leukemije","status":"publish","type":"post","link":"https:\/\/www.medskvz.org\/web\/2019\/09\/svjetski-dan-kronicne-mijeloicne-leukemije\/","title":{"rendered":"Svjetski dan kroni\u010dne mijeloi\u010dne leukemije"},"content":{"rendered":"\n<p>\u00a0<\/p>\n\n\t\t<style type=\"text\/css\">\n\t\t\t#gallery-1 {\n\t\t\t\tmargin: auto;\n\t\t\t}\n\t\t\t#gallery-1 .gallery-item {\n\t\t\t\tfloat: left;\n\t\t\t\tmargin-top: 10px;\n\t\t\t\ttext-align: center;\n\t\t\t\twidth: 50%;\n\t\t\t}\n\t\t\t#gallery-1 img {\n\t\t\t\tborder: 2px solid #cfcfcf;\n\t\t\t}\n\t\t\t#gallery-1 .gallery-caption {\n\t\t\t\tmargin-left: 0;\n\t\t\t}\n\t\t\t\/* see gallery_shortcode() in wp-includes\/media.php *\/\n\t\t<\/style>\n\t\t<div id='gallery-1' class='gallery galleryid-9542 gallery-columns-2 gallery-size-thumbnail'><dl class='gallery-item'>\n\t\t\t<dt class='gallery-icon landscape'>\n\t\t\t\t<a href='https:\/\/www.medskvz.org\/web\/wp-content\/uploads\/2019\/09\/klm2.jpg'><img width=\"150\" height=\"150\" src=\"https:\/\/www.medskvz.org\/web\/wp-content\/uploads\/2019\/09\/klm2-150x150.jpg\" class=\"attachment-thumbnail size-thumbnail colorbox-9542 \" alt=\"\" loading=\"lazy\" \/><\/a>\n\t\t\t<\/dt><\/dl><dl class='gallery-item'>\n\t\t\t<dt class='gallery-icon landscape'>\n\t\t\t\t<a href='https:\/\/www.medskvz.org\/web\/wp-content\/uploads\/2019\/09\/klm1.jpg'><img width=\"150\" height=\"150\" src=\"https:\/\/www.medskvz.org\/web\/wp-content\/uploads\/2019\/09\/klm1-150x150.jpg\" class=\"attachment-thumbnail size-thumbnail colorbox-9542 \" alt=\"\" loading=\"lazy\" \/><\/a>\n\t\t\t<\/dt><\/dl><br style=\"clear: both\" \/>\n\t\t<\/div>\n\n<p>\u00a0<\/p>\n<p>Zbog genetske promjene leukemijskih stanica koje nastaju translokacijom genetskog materijala izme\u0111u 9. i 22. kromosoma, \u0161to dovodi do pojave novog Philadelphia kromosoma odgovornog za nastanak ove bolesti,<strong> 22. rujan<\/strong> izabran je u svijetu kao dan obiljez\u030cavanja <strong>kroni\u010dne mijeloi\u010dne leukemije<\/strong>.<\/p>\n<p>Na poziv predsjednika Udruge HULL-a podru\u017enice Vara\u017edin gospodina Dra\u017eena Vinceka u obilje\u017eavanju Svjetskog dana KML-a sudjelovali su i u\u010denici Medicinske \u0161kole Vara\u017edin tako \u0161to su 22. rujna na Franjeva\u010dkom trgu u Vara\u017edinu dijelili letke i bro\u0161ure koje sadr\u017ee informacije o ovoj vrlo opasnoj malignoj bolesti.<\/p>\n<p>Na\u0161i u\u010denici, Petra Ribi\u0107 i Mia Martin\u010devi\u0107 iz 4. a, Maja \u0160emiga i Benjamin Kani\u0161ki iz 4. c te David Srpak iz 2.c razreda, u pratnji profesorice Nata\u0161e Vukovi\u0107, mag. med. biochem., sa zadovoljstvom su podr\u017eali rad Udruge obilje\u017eiv\u0161i Svjetski dan KML-a pod motom: <em>Krv je ja\u010da nego \u0161to misli\u0161.<\/em><\/p>\n<p>Cilj obilje\u017eavanja Svjetskog dana KML-a jest da se javnost educira i zainteresira za akcije u podru\u010dju zdravstva kojima \u0107e dobiti klju\u010dne informacije o razli\u010ditim bolestima i na\u010dinima o\u010duvanja svojega zdravlja. Tako\u0111er, ukazalo se na problematiku i eksponencijalni rast hematoonkolo\u0161kih bolesti u dru\u0161tvu.<\/p>\n<p style=\"text-align: right;\">Nata\u0161a Vukovi\u0107, mag. med. bioch.<\/p>\n","protected":false},"excerpt":{"rendered":"<div class=\"slide-text-bg2\"><span>\u00a0 \u00a0 Zbog genetske promjene leukemijskih stanica koje nastaju translokacijom genetskog materijala izme\u0111u 9. i 22. kromosoma, \u0161to dovodi do pojave novog <\/span><\/div>\n<div class=\"slide-btn-area-sm\"><a href=\"https:\/\/www.medskvz.org\/web\/2019\/09\/svjetski-dan-kronicne-mijeloicne-leukemije\/\" class=\"slide-btn-sm\">Pro\u010ditaj vi\u0161e<\/a><\/div>\n","protected":false},"author":11,"featured_media":9543,"comment_status":"closed","ping_status":"open","sticky":false,"template":"","format":"standard","meta":[],"categories":[1],"tags":[],"_links":{"self":[{"href":"https:\/\/www.medskvz.org\/web\/wp-json\/wp\/v2\/posts\/9542"}],"collection":[{"href":"https:\/\/www.medskvz.org\/web\/wp-json\/wp\/v2\/posts"}],"about":[{"href":"https:\/\/www.medskvz.org\/web\/wp-json\/wp\/v2\/types\/post"}],"author":[{"embeddable":true,"href":"https:\/\/www.medskvz.org\/web\/wp-json\/wp\/v2\/users\/11"}],"replies":[{"embeddable":true,"href":"https:\/\/www.medskvz.org\/web\/wp-json\/wp\/v2\/comments?post=9542"}],"version-history":[{"count":2,"href":"https:\/\/www.medskvz.org\/web\/wp-json\/wp\/v2\/posts\/9542\/revisions"}],"predecessor-version":[{"id":9546,"href":"https:\/\/www.medskvz.org\/web\/wp-json\/wp\/v2\/posts\/9542\/revisions\/9546"}],"wp:featuredmedia":[{"embeddable":true,"href":"https:\/\/www.medskvz.org\/web\/wp-json\/wp\/v2\/media\/9543"}],"wp:attachment":[{"href":"https:\/\/www.medskvz.org\/web\/wp-json\/wp\/v2\/media?parent=9542"}],"wp:term":[{"taxonomy":"category","embeddable":true,"href":"https:\/\/www.medskvz.org\/web\/wp-json\/wp\/v2\/categories?post=9542"},{"taxonomy":"post_tag","embeddable":true,"href":"https:\/\/www.medskvz.org\/web\/wp-json\/wp\/v2\/tags?post=9542"}],"curies":[{"name":"wp","href":"https:\/\/api.w.org\/{rel}","templated":true}]}}