{"id":9392,"date":"2019-07-15T18:57:05","date_gmt":"2019-07-15T16:57:05","guid":{"rendered":"http:\/\/www.medskvz.org\/web\/?p=9392"},"modified":"2019-07-15T18:57:07","modified_gmt":"2019-07-15T16:57:07","slug":"drzavna-smotra-lidrano-2019","status":"publish","type":"post","link":"https:\/\/www.medskvz.org\/web\/2019\/07\/drzavna-smotra-lidrano-2019\/","title":{"rendered":"Dr\u017eavna smotra LiDraNo 2019."},"content":{"rendered":"\n<p>Ove \u0161kolske godine smo, nakon dugog i napornog rada, napokon sudjelovali na dr\u017eavnoj smotri literarnog, scenskog, dramskog i novinarskog stvarala\u0161tva LiDraNo 2019.<\/p>\n<p>Na\u0161a \u0161kola je na smotri sudjelovala sa radijskom emisijom \u201eDemo\u0107i derbi Lukovec-Go\u0107ica\u201c u sklopu novinarskog stvarala\u0161tva. Koliko je ovaj uspjeh velik, govori \u010dinjenica da je ba\u0161 na\u0161a emisija bila jedna od samo njih osam koje su od strane stru\u010dnog \u017eirija uvr\u0161tene u one najbolje u srednjo\u0161kolskoj kategoriji. Dr\u017eavna smotra se odr\u017eala u \u0160ibeniku od 27. do 29. o\u017eujka 2019. godine, a bili smo smje\u0161teni u hotelu Amadria parka- Solaris.<\/p>\n<p>Radijsku emisiju su izradili u\u010denici 3.e i 3.d razreda uz pomo\u0107 mentorice, profesorice Martine Hranj, a s obzirom da se na dr\u017eavnu smotru kao predstavnici uz mentora pozivaju samo urednici emisije, na\u0161u su \u0161kolu predstavljale u\u010denice Mirta Poljak i Lara Cvetko.<\/p>\n\n\t\t<style type=\"text\/css\">\n\t\t\t#gallery-1 {\n\t\t\t\tmargin: auto;\n\t\t\t}\n\t\t\t#gallery-1 .gallery-item {\n\t\t\t\tfloat: left;\n\t\t\t\tmargin-top: 10px;\n\t\t\t\ttext-align: center;\n\t\t\t\twidth: 50%;\n\t\t\t}\n\t\t\t#gallery-1 img {\n\t\t\t\tborder: 2px solid #cfcfcf;\n\t\t\t}\n\t\t\t#gallery-1 .gallery-caption {\n\t\t\t\tmargin-left: 0;\n\t\t\t}\n\t\t\t\/* see gallery_shortcode() in wp-includes\/media.php *\/\n\t\t<\/style>\n\t\t<div id='gallery-1' class='gallery galleryid-9392 gallery-columns-2 gallery-size-thumbnail'><dl class='gallery-item'>\n\t\t\t<dt class='gallery-icon landscape'>\n\t\t\t\t<a href='https:\/\/www.medskvz.org\/web\/2019\/07\/drzavna-smotra-lidrano-2019\/lidrano_1\/'><img width=\"150\" height=\"150\" src=\"https:\/\/www.medskvz.org\/web\/wp-content\/uploads\/2019\/07\/Lidrano_1-150x150.jpg\" class=\"attachment-thumbnail size-thumbnail colorbox-9392 \" alt=\"\" loading=\"lazy\" \/><\/a>\n\t\t\t<\/dt><\/dl><dl class='gallery-item'>\n\t\t\t<dt class='gallery-icon landscape'>\n\t\t\t\t<a href='https:\/\/www.medskvz.org\/web\/2019\/07\/drzavna-smotra-lidrano-2019\/lidrano_2\/'><img width=\"150\" height=\"150\" src=\"https:\/\/www.medskvz.org\/web\/wp-content\/uploads\/2019\/07\/Lidrano_2-150x150.jpg\" class=\"attachment-thumbnail size-thumbnail colorbox-9392 \" alt=\"\" loading=\"lazy\" \/><\/a>\n\t\t\t<\/dt><\/dl><br style=\"clear: both\" \/>\n\t\t<\/div>\n\n<p>Tri dana provedena u \u0160ibeniku su uistinu nezaboravna, vidjeli smo nevjerojatan talent srednjo\u0161kolaca iz svih krajeva Hrvatske, sklopila su se nova prijateljstva, a na radionicama smo u\u010dili kako se unaprijediti i jo\u0161 dodatno pobolj\u0161ati na\u0161e radove. U Vara\u017edin smo se vratili prepuni dojmova, inspiracije i ideja za nadolaze\u0107u \u0161kolsku godinu tako da pozivamo sve u\u010denike zainteresirane na medijsku pismenost i novinarstvo da se priklju\u010de \u0161kolskom radiju Mrav te zajedno s nama izra\u0111uju materijale za smotru LiDraNo 2020.<\/p>\n<p><em>Lara Cvetko, 3.e<\/em><\/p>\n","protected":false},"excerpt":{"rendered":"<div class=\"slide-text-bg2\"><span>Ove \u0161kolske godine smo, nakon dugog i napornog rada, napokon sudjelovali na dr\u017eavnoj smotri literarnog, scenskog, dramskog i novinarskog stvarala\u0161tva Li<\/span><\/div>\n<div class=\"slide-btn-area-sm\"><a href=\"https:\/\/www.medskvz.org\/web\/2019\/07\/drzavna-smotra-lidrano-2019\/\" class=\"slide-btn-sm\">Pro\u010ditaj vi\u0161e<\/a><\/div>\n","protected":false},"author":12,"featured_media":9393,"comment_status":"closed","ping_status":"open","sticky":false,"template":"","format":"standard","meta":[],"categories":[1],"tags":[],"_links":{"self":[{"href":"https:\/\/www.medskvz.org\/web\/wp-json\/wp\/v2\/posts\/9392"}],"collection":[{"href":"https:\/\/www.medskvz.org\/web\/wp-json\/wp\/v2\/posts"}],"about":[{"href":"https:\/\/www.medskvz.org\/web\/wp-json\/wp\/v2\/types\/post"}],"author":[{"embeddable":true,"href":"https:\/\/www.medskvz.org\/web\/wp-json\/wp\/v2\/users\/12"}],"replies":[{"embeddable":true,"href":"https:\/\/www.medskvz.org\/web\/wp-json\/wp\/v2\/comments?post=9392"}],"version-history":[{"count":1,"href":"https:\/\/www.medskvz.org\/web\/wp-json\/wp\/v2\/posts\/9392\/revisions"}],"predecessor-version":[{"id":9395,"href":"https:\/\/www.medskvz.org\/web\/wp-json\/wp\/v2\/posts\/9392\/revisions\/9395"}],"wp:featuredmedia":[{"embeddable":true,"href":"https:\/\/www.medskvz.org\/web\/wp-json\/wp\/v2\/media\/9393"}],"wp:attachment":[{"href":"https:\/\/www.medskvz.org\/web\/wp-json\/wp\/v2\/media?parent=9392"}],"wp:term":[{"taxonomy":"category","embeddable":true,"href":"https:\/\/www.medskvz.org\/web\/wp-json\/wp\/v2\/categories?post=9392"},{"taxonomy":"post_tag","embeddable":true,"href":"https:\/\/www.medskvz.org\/web\/wp-json\/wp\/v2\/tags?post=9392"}],"curies":[{"name":"wp","href":"https:\/\/api.w.org\/{rel}","templated":true}]}}