{"id":9156,"date":"2019-05-02T21:27:43","date_gmt":"2019-05-02T19:27:43","guid":{"rendered":"http:\/\/www.medskvz.org\/web\/?p=9156"},"modified":"2019-05-02T21:29:16","modified_gmt":"2019-05-02T19:29:16","slug":"suradnja-s-koordinatoricom-palijativne-skrbi-varazdinske-zupanije","status":"publish","type":"post","link":"https:\/\/www.medskvz.org\/web\/2019\/05\/suradnja-s-koordinatoricom-palijativne-skrbi-varazdinske-zupanije\/","title":{"rendered":"Suradnja s koordinatoricom palijativne skrbi Vara\u017edinske \u017eupanije"},"content":{"rendered":"\n<p>Ve\u0107 \u010detvrtu godinu za redom odvija se uspje\u0161na suradnja koordinatorice za palijativnu skrb Vara\u017edinske \u017eupanije i Medicinske \u0161kole Vara\u017edin. U sklopu suradnje, a s ciljem senzibilizacije u\u010denika za potrebe palijativnog bolesnika i njegove obitelji, u\u010denici 5.a razreda su u petak, 5.4.2019. godine, u skolopu predmeta Zdravstvena njega u ku\u0107i, u pratnji nastavnice Marijane Dugi, posjetili djelatnost za palijativnu skrb Vara\u017edinske \u017eupanije. Prilikom posjeta pozdravili su nas ravnatelj Doma zdravlja Vara\u017edinske \u017eupanije, Renato Podbojec, mag. iur., zamjenica ravnatelja dr. Anita Kutnjak Podgorelec, medicinska sestra iz mobilnog palijativnog tima Branka Borak i glavna sestra Doma zdravlja Andreja Kola\u010dko Hru\u0161kar, pomo\u0107nica ravnatelja za sestrinstvo.<\/p>\n\n\n\n<p><br><\/p>\n\n\n\n<div class=\"wp-block-image\"><figure class=\"aligncenter is-resized\"><a href=\"http:\/\/www.medskvz.org\/web\/wp-content\/uploads\/2019\/05\/Palijativna_2019.jpg\"><img loading=\"lazy\" src=\"http:\/\/www.medskvz.org\/web\/wp-content\/uploads\/2019\/05\/Palijativna_2019-1024x626.jpg\" alt=\"\" class=\"wp-image-9157 colorbox-9156\" width=\"512\" height=\"313\" srcset=\"https:\/\/www.medskvz.org\/web\/wp-content\/uploads\/2019\/05\/Palijativna_2019-1024x626.jpg 1024w, https:\/\/www.medskvz.org\/web\/wp-content\/uploads\/2019\/05\/Palijativna_2019-300x183.jpg 300w, https:\/\/www.medskvz.org\/web\/wp-content\/uploads\/2019\/05\/Palijativna_2019-768x470.jpg 768w, https:\/\/www.medskvz.org\/web\/wp-content\/uploads\/2019\/05\/Palijativna_2019.jpg 1187w\" sizes=\"(max-width: 512px) 100vw, 512px\" \/><\/a><\/figure><\/div>\n\n\n\n<p>Koordinatorica palijativne skrbi za Vara\u017edinsku \u017eupaniju, bacc. med. techn. Nata\u0161a Dumbovi\u0107, odr\u017eala je predavanje i radionice na temu palijativne skrbi. Nastojala nam je \u0161to vi\u0161e pribli\u017eiti va\u017enost obitelji u cjelokupnom procesu skrbi i na\u010dine na koje obitelj mo\u017ee pomo\u0107i bolesnom \u010dlanu. Objasnila nam je specifi\u010dnosti vezane uz bolesnike u terminalnoj fazi bolesti, odnosno prepoznavanje palijativnog bolesnika i algoritam postupanja. Razgovarali smo i o kompleksnosti boli u palijativnoj skrbi, kako ju prepoznati, ljestvice boli, na\u010dini lije\u010denja boli i ulozi svih nas u pravilnom pristupu boli u palijativi. Koordinatorica palijativne skrbi nas je upoznala sa novom web-stranicom \u201eNije frka\u201c, koja nudi savjete i jelovnike vezane uz prehranu onkolo\u0161kih bolesnika. Teme su bile vrlo zanimljive radi kompleksnosti palijativne skrbi i broja profesionalaca koji sudjeluju u skrbi. Tim palijativne skrbi, osim bolesniku, pru\u017ea pomo\u0107 i obitelji bolesnika s psihi\u010dkog, fizi\u010dkog, emocionalnog, socijalnog i duhovnog aspekta. Cilj djelovanja tima jest pru\u017eiti \u0161to kvalitetniju skrb i bolesniku i obitelji.<\/p>\n\n\n\n<p>Koordinatorica je odr\u017eala predavanje i u\u010denicima 5.b razreda, u utorak, 16. travnja.<br><\/p>\n\n\n\n<p>Ovim putem zahvaljujemo koordinatorici palijativne skrbi, Nata\u0161i Dumbovi\u0107 na zanimljivom predavanju i edukativnim radionicama.<\/p>\n\n\n\n<p><em>Lorena Mudri, 5.a<\/em><\/p>\n\n\n\n<p><\/p>\n","protected":false},"excerpt":{"rendered":"<div class=\"slide-text-bg2\"><span>Ve\u0107 \u010detvrtu godinu za redom odvija se uspje\u0161na suradnja koordinatorice za palijativnu skrb Vara\u017edinske \u017eupanije i Medicinske \u0161kole Vara\u017edin. U sklop<\/span><\/div>\n<div class=\"slide-btn-area-sm\"><a href=\"https:\/\/www.medskvz.org\/web\/2019\/05\/suradnja-s-koordinatoricom-palijativne-skrbi-varazdinske-zupanije\/\" class=\"slide-btn-sm\">Pro\u010ditaj vi\u0161e<\/a><\/div>\n","protected":false},"author":12,"featured_media":9157,"comment_status":"closed","ping_status":"open","sticky":false,"template":"","format":"standard","meta":[],"categories":[1],"tags":[],"_links":{"self":[{"href":"https:\/\/www.medskvz.org\/web\/wp-json\/wp\/v2\/posts\/9156"}],"collection":[{"href":"https:\/\/www.medskvz.org\/web\/wp-json\/wp\/v2\/posts"}],"about":[{"href":"https:\/\/www.medskvz.org\/web\/wp-json\/wp\/v2\/types\/post"}],"author":[{"embeddable":true,"href":"https:\/\/www.medskvz.org\/web\/wp-json\/wp\/v2\/users\/12"}],"replies":[{"embeddable":true,"href":"https:\/\/www.medskvz.org\/web\/wp-json\/wp\/v2\/comments?post=9156"}],"version-history":[{"count":1,"href":"https:\/\/www.medskvz.org\/web\/wp-json\/wp\/v2\/posts\/9156\/revisions"}],"predecessor-version":[{"id":9158,"href":"https:\/\/www.medskvz.org\/web\/wp-json\/wp\/v2\/posts\/9156\/revisions\/9158"}],"wp:featuredmedia":[{"embeddable":true,"href":"https:\/\/www.medskvz.org\/web\/wp-json\/wp\/v2\/media\/9157"}],"wp:attachment":[{"href":"https:\/\/www.medskvz.org\/web\/wp-json\/wp\/v2\/media?parent=9156"}],"wp:term":[{"taxonomy":"category","embeddable":true,"href":"https:\/\/www.medskvz.org\/web\/wp-json\/wp\/v2\/categories?post=9156"},{"taxonomy":"post_tag","embeddable":true,"href":"https:\/\/www.medskvz.org\/web\/wp-json\/wp\/v2\/tags?post=9156"}],"curies":[{"name":"wp","href":"https:\/\/api.w.org\/{rel}","templated":true}]}}