{"id":9124,"date":"2019-04-17T15:11:53","date_gmt":"2019-04-17T13:11:53","guid":{"rendered":"http:\/\/www.medskvz.org\/web\/?p=9124"},"modified":"2019-04-17T15:11:55","modified_gmt":"2019-04-17T13:11:55","slug":"sat-dijalektalne-lirike-u-1-d","status":"publish","type":"post","link":"https:\/\/www.medskvz.org\/web\/2019\/04\/sat-dijalektalne-lirike-u-1-d\/","title":{"rendered":"Sat dijalektalne lirike u 1. D"},"content":{"rendered":"\n<p>U srijedu, 17. travnja 2019., 1.D razred je sa svojom profesoricom Sun\u010dicom Podore\u0161ki te knji\u017eni\u010darkom Barbarom Iv\u010dec u \u0161kolskoj knji\u017enici odr\u017eao sat Hrvatskog jezika posve\u0107en dijalektalnoj lirici. Nakon uvodnog izlaganja knji\u017eni\u010darke, profesorica je uputila u\u010denike u sudbinu kajkavskog narje\u010dja kroz stolje\u0107a. U\u010denici su prethodno izabrali jednu od svojih vlastitih pjesama na kajkavskom jeziku ili su pro\u010ditali pjesmu nekog od poznatijih ili manje poznatih pjesnika. Nakon interpretativnog \u010ditanja, analizirala se tematika pjesme. Jedan od ciljeva sata bio je da se vidi da je kajkavsko narje\u010dje sposobno izraziti sve vrste tema, od intimnih, misaonih, socijalnih\u2026 Va\u017ena je osobina kajkavskog njegova zvu\u010dnost i nje\u017enost koju standardni jezik ne mo\u017ee izraziti na taj na\u010din. <br> Na\u0161e narje\u010dje nas prati kroz cijeli \u017eivot, \u010dini nas bogatijim i ono se ne mo\u017ee zaboraviti ma gdje \u017eivjeli. \u010covjek se nikad ne mo\u017ee tako vje\u0161to, iskreno i dobro izraziti kao svojim materinjim jezikom. Danas je dru\u0161tvo svjesno dragocjenosti na\u0161ih narje\u010dja te se ono \u010duva i njeguje u razli\u010ditim \u010dasopisima, na festivalima, na znanstvenim skupovima, u kazali\u0161tima te u na\u0161im \u0161kolama i na fakultetima. I na\u0161a se \u0161kola  pridru\u017eila borbi za o\u010duvanje na\u0161ih dragih hrvatskih narje\u010dja tako \u0161to je u \u0161kolskoj knji\u017enici postavljena mala izlo\u017eba kajkavske poezije. Tako\u0111er su izlo\u017eeni i starinski ru\u010dnik te originalna narodna no\u0161nja iz zlatarskog kraja nastali po\u010detkom XX. stolje\u0107a.<br> U\u010denica Marta Golubi\u0107 iz Zavr\u0161ja Podbelskog pro\u010ditala je svoju vlastitu pjesmu koju mo\u017eete vidjeti u nastavku.<\/p>\n\n\n\n<p><\/p>\n\n\n\n<p><strong>Fti\u010deki<\/strong><\/p>\n\n\n\n<p>Jutro je rano, si jo\u0161 spe,<br>A meni su ti\u010di prekinuli sne.<\/p>\n\n\n\n<p>Tak ih je lepo poslu\u0161ati de na obloku sediju<br>I nas \u0161teri spimo z sna budiju.<\/p>\n\n\n\n<p>Je treba se stati, jutro je tu<br>Fletno prionuti k novom puslu.<\/p>\n\n\n\n<p>Al prej nek krenem vu novi dan<br>Pogledam \u010dez oblok fletno van.<\/p>\n\n\n\n<p>Moj oblok na \u010cevo i Bednju gledi<br>Jo\u0161 v megli pod njimi i priroda spi.<\/p>\n\n\n\n<p>Se je tak stiha, sam se ti\u010deki \u010duju<br>De nove pupevke vuni kuju.<\/p>\n\n\n\n<p><em>Marta Golubi\u0107, 1.D<\/em><\/p>\n\n\n\n<p><\/p>\n\n\n\n<p>Nigdje tako lijepo ne miri\u0161i cvije\u0107e kao u na\u0161em kraju, nigdje se tako lijepo ne zelene \u0161ume kao u na\u0161em zavi\u010daju i nigdje tako lijepo ne odzvanja doma\u0107a rije\u010d kao na na\u0161oj rodnoj grudi.<\/p>\n\n\n\n<ul class=\"wp-container-2 wp-block-gallery-1 wp-block-gallery columns-5 is-cropped\"><li class=\"blocks-gallery-item\"><figure><img loading=\"lazy\" width=\"720\" height=\"404\" src=\"http:\/\/www.medskvz.org\/web\/wp-content\/uploads\/2019\/04\/Sati_dijalektalne_lirike_2019_01.jpg\" alt=\"\" data-id=\"9126\" data-link=\"http:\/\/www.medskvz.org\/web\/?attachment_id=9126\" class=\"wp-image-9126 colorbox-9124\" srcset=\"https:\/\/www.medskvz.org\/web\/wp-content\/uploads\/2019\/04\/Sati_dijalektalne_lirike_2019_01.jpg 720w, https:\/\/www.medskvz.org\/web\/wp-content\/uploads\/2019\/04\/Sati_dijalektalne_lirike_2019_01-300x168.jpg 300w\" sizes=\"(max-width: 720px) 100vw, 720px\" \/><\/figure><\/li><li class=\"blocks-gallery-item\"><figure><img loading=\"lazy\" width=\"720\" height=\"404\" src=\"http:\/\/www.medskvz.org\/web\/wp-content\/uploads\/2019\/04\/Sati_dijalektalne_lirike_2019_02..jpg\" alt=\"\" data-id=\"9127\" data-link=\"http:\/\/www.medskvz.org\/web\/?attachment_id=9127\" class=\"wp-image-9127 colorbox-9124\" srcset=\"https:\/\/www.medskvz.org\/web\/wp-content\/uploads\/2019\/04\/Sati_dijalektalne_lirike_2019_02..jpg 720w, https:\/\/www.medskvz.org\/web\/wp-content\/uploads\/2019\/04\/Sati_dijalektalne_lirike_2019_02.-300x168.jpg 300w\" sizes=\"(max-width: 720px) 100vw, 720px\" \/><\/figure><\/li><li class=\"blocks-gallery-item\"><figure><img loading=\"lazy\" width=\"404\" height=\"720\" src=\"http:\/\/www.medskvz.org\/web\/wp-content\/uploads\/2019\/04\/Sati_dijalektalne_lirike_2019_03..jpg\" alt=\"\" data-id=\"9128\" data-link=\"http:\/\/www.medskvz.org\/web\/?attachment_id=9128\" class=\"wp-image-9128 colorbox-9124\" srcset=\"https:\/\/www.medskvz.org\/web\/wp-content\/uploads\/2019\/04\/Sati_dijalektalne_lirike_2019_03..jpg 404w, https:\/\/www.medskvz.org\/web\/wp-content\/uploads\/2019\/04\/Sati_dijalektalne_lirike_2019_03.-168x300.jpg 168w\" sizes=\"(max-width: 404px) 100vw, 404px\" \/><\/figure><\/li><li class=\"blocks-gallery-item\"><figure><img loading=\"lazy\" width=\"404\" height=\"720\" src=\"http:\/\/www.medskvz.org\/web\/wp-content\/uploads\/2019\/04\/Sati_dijalektalne_lirike_2019_04..jpg\" alt=\"\" data-id=\"9129\" data-link=\"http:\/\/www.medskvz.org\/web\/?attachment_id=9129\" class=\"wp-image-9129 colorbox-9124\" srcset=\"https:\/\/www.medskvz.org\/web\/wp-content\/uploads\/2019\/04\/Sati_dijalektalne_lirike_2019_04..jpg 404w, https:\/\/www.medskvz.org\/web\/wp-content\/uploads\/2019\/04\/Sati_dijalektalne_lirike_2019_04.-168x300.jpg 168w\" sizes=\"(max-width: 404px) 100vw, 404px\" \/><\/figure><\/li><li class=\"blocks-gallery-item\"><figure><img loading=\"lazy\" width=\"404\" height=\"720\" src=\"http:\/\/www.medskvz.org\/web\/wp-content\/uploads\/2019\/04\/Sati_dijalektalne_lirike_2019_05..jpg\" alt=\"\" data-id=\"9130\" data-link=\"http:\/\/www.medskvz.org\/web\/?attachment_id=9130\" class=\"wp-image-9130 colorbox-9124\" srcset=\"https:\/\/www.medskvz.org\/web\/wp-content\/uploads\/2019\/04\/Sati_dijalektalne_lirike_2019_05..jpg 404w, https:\/\/www.medskvz.org\/web\/wp-content\/uploads\/2019\/04\/Sati_dijalektalne_lirike_2019_05.-168x300.jpg 168w\" sizes=\"(max-width: 404px) 100vw, 404px\" \/><\/figure><\/li><\/ul>\n","protected":false},"excerpt":{"rendered":"<div class=\"slide-text-bg2\"><span>U srijedu, 17. travnja 2019., 1.D razred je sa svojom profesoricom Sun\u010dicom Podore\u0161ki te knji\u017eni\u010darkom Barbarom Iv\u010dec u \u0161kolskoj knji\u017enici odr\u017eao s<\/span><\/div>\n<div class=\"slide-btn-area-sm\"><a href=\"https:\/\/www.medskvz.org\/web\/2019\/04\/sat-dijalektalne-lirike-u-1-d\/\" class=\"slide-btn-sm\">Pro\u010ditaj vi\u0161e<\/a><\/div>\n","protected":false},"author":12,"featured_media":9127,"comment_status":"closed","ping_status":"open","sticky":false,"template":"","format":"standard","meta":[],"categories":[1],"tags":[],"_links":{"self":[{"href":"https:\/\/www.medskvz.org\/web\/wp-json\/wp\/v2\/posts\/9124"}],"collection":[{"href":"https:\/\/www.medskvz.org\/web\/wp-json\/wp\/v2\/posts"}],"about":[{"href":"https:\/\/www.medskvz.org\/web\/wp-json\/wp\/v2\/types\/post"}],"author":[{"embeddable":true,"href":"https:\/\/www.medskvz.org\/web\/wp-json\/wp\/v2\/users\/12"}],"replies":[{"embeddable":true,"href":"https:\/\/www.medskvz.org\/web\/wp-json\/wp\/v2\/comments?post=9124"}],"version-history":[{"count":2,"href":"https:\/\/www.medskvz.org\/web\/wp-json\/wp\/v2\/posts\/9124\/revisions"}],"predecessor-version":[{"id":9131,"href":"https:\/\/www.medskvz.org\/web\/wp-json\/wp\/v2\/posts\/9124\/revisions\/9131"}],"wp:featuredmedia":[{"embeddable":true,"href":"https:\/\/www.medskvz.org\/web\/wp-json\/wp\/v2\/media\/9127"}],"wp:attachment":[{"href":"https:\/\/www.medskvz.org\/web\/wp-json\/wp\/v2\/media?parent=9124"}],"wp:term":[{"taxonomy":"category","embeddable":true,"href":"https:\/\/www.medskvz.org\/web\/wp-json\/wp\/v2\/categories?post=9124"},{"taxonomy":"post_tag","embeddable":true,"href":"https:\/\/www.medskvz.org\/web\/wp-json\/wp\/v2\/tags?post=9124"}],"curies":[{"name":"wp","href":"https:\/\/api.w.org\/{rel}","templated":true}]}}