{"id":9105,"date":"2019-04-15T09:14:43","date_gmt":"2019-04-15T07:14:43","guid":{"rendered":"http:\/\/www.medskvz.org\/web\/?p=9105"},"modified":"2019-04-15T09:24:49","modified_gmt":"2019-04-15T07:24:49","slug":"nasa-skola-na-smotri-projekata-iz-gradanskog-odgoja","status":"publish","type":"post","link":"https:\/\/www.medskvz.org\/web\/2019\/04\/nasa-skola-na-smotri-projekata-iz-gradanskog-odgoja\/","title":{"rendered":"Na\u0161a \u0161kola na Smotri projekata iz Gra\u0111anskog odgoja"},"content":{"rendered":"\n<p>U ponedjeljak, 8. travnja 2019. u Srednjoj \u0161koli \u010cakovec odr\u017eana je 8. \u017eupanijska te 6. me\u0111u\u017eupanijska smotra u\u010deni\u010dkih projekata iz Gra\u0111anskog odgoja i obrazovanja Me\u0111imurske i Vara\u017edinske \u017eupanije.<br>\nNa\u0161a \u0161kola sudjelovala je po drugi puta kao jedina srednja \u0161kola Vara\u017edinske \u017eupanije s projektom &#8220;Povodac je zakon!&#8221;. U projektu su sudjelovali u\u010denici 1.b razreda pod vodstvom mentorice Jadranke Te\u017ea\u010dki, s ciljem senzibiliziranja javnosti na po\u0161tivanje zakonske obaveze vlasnika pasa o dr\u017eanju pasa na povodcu na javnom prostoru.<\/p>\n\n\n\n<p>U\u010denici su od po\u010detka polugodi\u0161ta analizirali medijske sadr\u017eaje o napadima pasa bez povodca na ljude, istra\u017eivali medicinske aspekte ugriza pasa, Ustav i zakone, a me\u0111u 1. i 2. razredima proveli su anketu i me\u0111uvr\u0161nja\u010dku edukaciju.<br><\/p>\n\n\n\n<p>Izradili su informativne letke koji su podijeljeni gra\u0111anima Vara\u017edina i okolice, kao i u\u010denicima na\u0161e \u0161kole.<br><\/p>\n\n\n\n<p>Projekt je predstavljen u Vara\u017edinskim vijestima te izazvao brojne opre\u010dne komentare. <\/p>\n\n\n\n<p>U\u010denice: Enna Trupkovi\u0107, Dora Papec, Magdalena Kljuni\u0107 i Elena \u0160krlec na kraju su u \u010cakovcu predstavile projekt te primile brojne pohvale zahtjevne prosudbene tro\u010dlane komisije. <\/p>\n\n\n\n<p>\u010cestitke svima i nadajmo se odlasku na Dr\u017eavnu smotru u svibnju, u Zagrebu.<\/p>\n\n\n\n<ul class=\"wp-container-2 wp-block-gallery-1 wp-block-gallery columns-3 is-cropped\"><li class=\"blocks-gallery-item\"><figure><img loading=\"lazy\" width=\"644\" height=\"483\" src=\"http:\/\/www.medskvz.org\/web\/wp-content\/uploads\/2019\/04\/GOO_povodac_2019_01.jpg\" alt=\"\" data-id=\"9106\" data-link=\"http:\/\/www.medskvz.org\/web\/?attachment_id=9106\" class=\"wp-image-9106 colorbox-9105\" srcset=\"https:\/\/www.medskvz.org\/web\/wp-content\/uploads\/2019\/04\/GOO_povodac_2019_01.jpg 644w, https:\/\/www.medskvz.org\/web\/wp-content\/uploads\/2019\/04\/GOO_povodac_2019_01-300x225.jpg 300w\" sizes=\"(max-width: 644px) 100vw, 644px\" \/><\/figure><\/li><li class=\"blocks-gallery-item\"><figure><img loading=\"lazy\" width=\"825\" height=\"619\" src=\"http:\/\/www.medskvz.org\/web\/wp-content\/uploads\/2019\/04\/GOO_povodac_2019_02.jpg\" alt=\"\" data-id=\"9107\" data-link=\"http:\/\/www.medskvz.org\/web\/?attachment_id=9107\" class=\"wp-image-9107 colorbox-9105\" srcset=\"https:\/\/www.medskvz.org\/web\/wp-content\/uploads\/2019\/04\/GOO_povodac_2019_02.jpg 825w, https:\/\/www.medskvz.org\/web\/wp-content\/uploads\/2019\/04\/GOO_povodac_2019_02-300x225.jpg 300w, https:\/\/www.medskvz.org\/web\/wp-content\/uploads\/2019\/04\/GOO_povodac_2019_02-768x576.jpg 768w\" sizes=\"(max-width: 825px) 100vw, 825px\" \/><\/figure><\/li><li class=\"blocks-gallery-item\"><figure><img loading=\"lazy\" width=\"825\" height=\"619\" src=\"http:\/\/www.medskvz.org\/web\/wp-content\/uploads\/2019\/04\/GOO_povodac_2019_03.jpg\" alt=\"\" data-id=\"9108\" data-link=\"http:\/\/www.medskvz.org\/web\/?attachment_id=9108\" class=\"wp-image-9108 colorbox-9105\" srcset=\"https:\/\/www.medskvz.org\/web\/wp-content\/uploads\/2019\/04\/GOO_povodac_2019_03.jpg 825w, https:\/\/www.medskvz.org\/web\/wp-content\/uploads\/2019\/04\/GOO_povodac_2019_03-300x225.jpg 300w, https:\/\/www.medskvz.org\/web\/wp-content\/uploads\/2019\/04\/GOO_povodac_2019_03-768x576.jpg 768w\" sizes=\"(max-width: 825px) 100vw, 825px\" \/><\/figure><\/li><\/ul>\n","protected":false},"excerpt":{"rendered":"<div class=\"slide-text-bg2\"><span>U ponedjeljak, 8. travnja 2019. u Srednjoj \u0161koli \u010cakovec odr\u017eana je 8. \u017eupanijska te 6. me\u0111u\u017eupanijska smotra u\u010deni\u010dkih projekata iz Gra\u0111anskog od<\/span><\/div>\n<div class=\"slide-btn-area-sm\"><a href=\"https:\/\/www.medskvz.org\/web\/2019\/04\/nasa-skola-na-smotri-projekata-iz-gradanskog-odgoja\/\" class=\"slide-btn-sm\">Pro\u010ditaj vi\u0161e<\/a><\/div>\n","protected":false},"author":12,"featured_media":9108,"comment_status":"closed","ping_status":"open","sticky":false,"template":"","format":"standard","meta":[],"categories":[1],"tags":[],"_links":{"self":[{"href":"https:\/\/www.medskvz.org\/web\/wp-json\/wp\/v2\/posts\/9105"}],"collection":[{"href":"https:\/\/www.medskvz.org\/web\/wp-json\/wp\/v2\/posts"}],"about":[{"href":"https:\/\/www.medskvz.org\/web\/wp-json\/wp\/v2\/types\/post"}],"author":[{"embeddable":true,"href":"https:\/\/www.medskvz.org\/web\/wp-json\/wp\/v2\/users\/12"}],"replies":[{"embeddable":true,"href":"https:\/\/www.medskvz.org\/web\/wp-json\/wp\/v2\/comments?post=9105"}],"version-history":[{"count":1,"href":"https:\/\/www.medskvz.org\/web\/wp-json\/wp\/v2\/posts\/9105\/revisions"}],"predecessor-version":[{"id":9109,"href":"https:\/\/www.medskvz.org\/web\/wp-json\/wp\/v2\/posts\/9105\/revisions\/9109"}],"wp:featuredmedia":[{"embeddable":true,"href":"https:\/\/www.medskvz.org\/web\/wp-json\/wp\/v2\/media\/9108"}],"wp:attachment":[{"href":"https:\/\/www.medskvz.org\/web\/wp-json\/wp\/v2\/media?parent=9105"}],"wp:term":[{"taxonomy":"category","embeddable":true,"href":"https:\/\/www.medskvz.org\/web\/wp-json\/wp\/v2\/categories?post=9105"},{"taxonomy":"post_tag","embeddable":true,"href":"https:\/\/www.medskvz.org\/web\/wp-json\/wp\/v2\/tags?post=9105"}],"curies":[{"name":"wp","href":"https:\/\/api.w.org\/{rel}","templated":true}]}}