{"id":9026,"date":"2019-03-21T15:06:41","date_gmt":"2019-03-21T13:06:41","guid":{"rendered":"http:\/\/www.medskvz.org\/web\/?p=9026"},"modified":"2019-03-21T15:07:38","modified_gmt":"2019-03-21T13:07:38","slug":"dan-osoba-sa-sindromom-down","status":"publish","type":"post","link":"https:\/\/www.medskvz.org\/web\/2019\/03\/dan-osoba-sa-sindromom-down\/","title":{"rendered":"Dan osoba sa sindromom Down"},"content":{"rendered":"\n<p>I ove godine u\u010denici Medicinske \u0161kole su 21. o\u017eujka obilje\u017eili dan osoba sa sindromom Down te simboli\u010dno obukli \u0161arene \u010darape.<\/p>\n\n\n\n<p>U galeriji pogledajte \u0161arene fotografije 1.A, 1D i 1.E razreda.<\/p>\n\n\n\n<ul class=\"wp-container-2 wp-block-gallery-1 wp-block-gallery columns-4 is-cropped\"><li class=\"blocks-gallery-item\"><figure><a href=\"http:\/\/www.medskvz.org\/web\/wp-content\/uploads\/2019\/03\/1A_Down_2019_1-1024x768.jpg\"><img loading=\"lazy\" width=\"1024\" height=\"768\" src=\"http:\/\/www.medskvz.org\/web\/wp-content\/uploads\/2019\/03\/1A_Down_2019_1-1024x768.jpg\" alt=\"\" data-id=\"9027\" data-link=\"http:\/\/www.medskvz.org\/web\/?attachment_id=9027\" class=\"wp-image-9027 colorbox-9026\" srcset=\"https:\/\/www.medskvz.org\/web\/wp-content\/uploads\/2019\/03\/1A_Down_2019_1-1024x768.jpg 1024w, https:\/\/www.medskvz.org\/web\/wp-content\/uploads\/2019\/03\/1A_Down_2019_1-300x225.jpg 300w, https:\/\/www.medskvz.org\/web\/wp-content\/uploads\/2019\/03\/1A_Down_2019_1-768x576.jpg 768w, https:\/\/www.medskvz.org\/web\/wp-content\/uploads\/2019\/03\/1A_Down_2019_1.jpg 1700w\" sizes=\"(max-width: 1024px) 100vw, 1024px\" \/><\/a><figcaption>1.A<\/figcaption><\/figure><\/li><li class=\"blocks-gallery-item\"><figure><a href=\"http:\/\/www.medskvz.org\/web\/wp-content\/uploads\/2019\/03\/1A_Down_2019_2-1024x768.jpg\"><img loading=\"lazy\" width=\"1024\" height=\"768\" src=\"http:\/\/www.medskvz.org\/web\/wp-content\/uploads\/2019\/03\/1A_Down_2019_2-1024x768.jpg\" alt=\"\" data-id=\"9028\" data-link=\"http:\/\/www.medskvz.org\/web\/?attachment_id=9028\" class=\"wp-image-9028 colorbox-9026\" srcset=\"https:\/\/www.medskvz.org\/web\/wp-content\/uploads\/2019\/03\/1A_Down_2019_2-1024x768.jpg 1024w, https:\/\/www.medskvz.org\/web\/wp-content\/uploads\/2019\/03\/1A_Down_2019_2-300x225.jpg 300w, https:\/\/www.medskvz.org\/web\/wp-content\/uploads\/2019\/03\/1A_Down_2019_2-768x576.jpg 768w, https:\/\/www.medskvz.org\/web\/wp-content\/uploads\/2019\/03\/1A_Down_2019_2.jpg 1548w\" sizes=\"(max-width: 1024px) 100vw, 1024px\" \/><\/a><figcaption>1.A<\/figcaption><\/figure><\/li><li class=\"blocks-gallery-item\"><figure><a href=\"http:\/\/www.medskvz.org\/web\/wp-content\/uploads\/2019\/03\/1D_Down_2019-768x1024.jpg\"><img loading=\"lazy\" width=\"768\" height=\"1024\" src=\"http:\/\/www.medskvz.org\/web\/wp-content\/uploads\/2019\/03\/1D_Down_2019-768x1024.jpg\" alt=\"\" data-id=\"9029\" data-link=\"http:\/\/www.medskvz.org\/web\/?attachment_id=9029\" class=\"wp-image-9029 colorbox-9026\" srcset=\"https:\/\/www.medskvz.org\/web\/wp-content\/uploads\/2019\/03\/1D_Down_2019-768x1024.jpg 768w, https:\/\/www.medskvz.org\/web\/wp-content\/uploads\/2019\/03\/1D_Down_2019-225x300.jpg 225w, https:\/\/www.medskvz.org\/web\/wp-content\/uploads\/2019\/03\/1D_Down_2019.jpg 1512w\" sizes=\"(max-width: 768px) 100vw, 768px\" \/><\/a><figcaption>1.D<\/figcaption><\/figure><\/li><li class=\"blocks-gallery-item\"><figure><a href=\"http:\/\/www.medskvz.org\/web\/wp-content\/uploads\/2019\/03\/1E_Down_2019-1024x512.jpg\"><img loading=\"lazy\" width=\"1024\" height=\"512\" src=\"http:\/\/www.medskvz.org\/web\/wp-content\/uploads\/2019\/03\/1E_Down_2019-1024x512.jpg\" alt=\"\" data-id=\"9030\" data-link=\"http:\/\/www.medskvz.org\/web\/?attachment_id=9030\" class=\"wp-image-9030 colorbox-9026\" srcset=\"https:\/\/www.medskvz.org\/web\/wp-content\/uploads\/2019\/03\/1E_Down_2019-1024x512.jpg 1024w, https:\/\/www.medskvz.org\/web\/wp-content\/uploads\/2019\/03\/1E_Down_2019-300x150.jpg 300w, https:\/\/www.medskvz.org\/web\/wp-content\/uploads\/2019\/03\/1E_Down_2019-768x384.jpg 768w, https:\/\/www.medskvz.org\/web\/wp-content\/uploads\/2019\/03\/1E_Down_2019.jpg 2000w\" sizes=\"(max-width: 1024px) 100vw, 1024px\" \/><\/a><figcaption>1.E<\/figcaption><\/figure><\/li><\/ul>\n","protected":false},"excerpt":{"rendered":"<div class=\"slide-text-bg2\"><span>I ove godine u\u010denici Medicinske \u0161kole su 21. o\u017eujka obilje\u017eili dan osoba sa sindromom Down te simboli\u010dno obukli \u0161arene \u010darape. U galeriji pogledajte<\/span><\/div>\n<div class=\"slide-btn-area-sm\"><a href=\"https:\/\/www.medskvz.org\/web\/2019\/03\/dan-osoba-sa-sindromom-down\/\" class=\"slide-btn-sm\">Pro\u010ditaj vi\u0161e<\/a><\/div>\n","protected":false},"author":12,"featured_media":0,"comment_status":"closed","ping_status":"open","sticky":false,"template":"","format":"standard","meta":[],"categories":[1],"tags":[],"_links":{"self":[{"href":"https:\/\/www.medskvz.org\/web\/wp-json\/wp\/v2\/posts\/9026"}],"collection":[{"href":"https:\/\/www.medskvz.org\/web\/wp-json\/wp\/v2\/posts"}],"about":[{"href":"https:\/\/www.medskvz.org\/web\/wp-json\/wp\/v2\/types\/post"}],"author":[{"embeddable":true,"href":"https:\/\/www.medskvz.org\/web\/wp-json\/wp\/v2\/users\/12"}],"replies":[{"embeddable":true,"href":"https:\/\/www.medskvz.org\/web\/wp-json\/wp\/v2\/comments?post=9026"}],"version-history":[{"count":2,"href":"https:\/\/www.medskvz.org\/web\/wp-json\/wp\/v2\/posts\/9026\/revisions"}],"predecessor-version":[{"id":9032,"href":"https:\/\/www.medskvz.org\/web\/wp-json\/wp\/v2\/posts\/9026\/revisions\/9032"}],"wp:attachment":[{"href":"https:\/\/www.medskvz.org\/web\/wp-json\/wp\/v2\/media?parent=9026"}],"wp:term":[{"taxonomy":"category","embeddable":true,"href":"https:\/\/www.medskvz.org\/web\/wp-json\/wp\/v2\/categories?post=9026"},{"taxonomy":"post_tag","embeddable":true,"href":"https:\/\/www.medskvz.org\/web\/wp-json\/wp\/v2\/tags?post=9026"}],"curies":[{"name":"wp","href":"https:\/\/api.w.org\/{rel}","templated":true}]}}