{"id":9005,"date":"2019-03-13T17:19:09","date_gmt":"2019-03-13T15:19:09","guid":{"rendered":"http:\/\/www.medskvz.org\/web\/?p=9005"},"modified":"2019-03-15T10:24:44","modified_gmt":"2019-03-15T08:24:44","slug":"9005","status":"publish","type":"post","link":"https:\/\/www.medskvz.org\/web\/2019\/03\/9005\/","title":{"rendered":"Jedan dan kao \u010dlan Europskog vije\u0107a"},"content":{"rendered":"\n<p>\u010cetvoro u\u010denika 1.a razreda sudjelovalo je u simuliraj sjednici Europskog vije\u0107a, koju su 12. o\u017eujka 2019. godine za srednjo\u0161kolce iz Vara\u017edinske \u017eupanije organizirali: <em>Savjet mladih Vara\u017edinske \u017eupanije, Diplomatski klub Fakulteta politi\u010dkih znanosti te Ured za informiranje Europskog parlamenta. <\/em><\/p>\n\n\n\n<p>Sudjelovalo je ukupno 28 u\u010denika, od \u010dega najvi\u0161e na\u0161ih medicinara: Mihael Matulin, Tena Pa\u010dalad, Mihael Vincekovi\u0107 i Tea Novak Barana\u0161i\u0107.<br><\/p>\n\n\n\n<p>Podsjetimo: Europsko vije\u0107e je institucija Europske Unije koju \u010dine premijeri njezinih dr\u017eava \u010dlanica. <\/p>\n\n\n\n<p>Na\u0161i premijeri\/premijerke iz 1.a predstavljali su stajali\u0161ta zadanih dr\u017eava (Finske, Cipra, Gr\u010dke i Danske) o prihvatu migranata s Bliskog istoka.<br><\/p>\n\n\n\n<p>Ova simulacija je zahtijevala brojne sate pripreme: u\u010denici su prvo na satovima Gra\u0111anskog odgoja i obrazovanja u\u010dili o ulozi EU-a i njezinih institucija. Potom su samostalno prou\u010davali dokumente na engleskom jeziku koje im ne dostavio Savjet mladih, da bi ih u zavr\u0161noj fazi pripremanja profesorice Mirela Turk i Jadranka Te\u017ea\u010dki dovele do pisanja uvodnih i zavr\u0161nih govora, izre\u010denih na Simuliranoj sjednici u \u017dupanijskoj pala\u010di u Vara\u017edinu.<br><\/p>\n\n\n\n<p>Uvodni govor do\u017eupana Tomislava Paljka i ostalih politi\u010dkih du\u017enosnika, zadani dress code za sve sudionike simulacije\u00a0 (poslovni), te\u017eina prou\u010denih materijala i zahtjevna diskusija pokazuju s kolikim su izazovima na\u0161i u\u010denici bili suo\u010deni.\u00a0Uspje\u0161no su ih savladali i \u010destitamo im na tome! <\/p>\n\n\n\n<ul class=\"wp-container-2 wp-block-gallery-1 wp-block-gallery columns-2 is-cropped\"><li class=\"blocks-gallery-item\"><figure><img loading=\"lazy\" width=\"1024\" height=\"768\" src=\"http:\/\/www.medskvz.org\/web\/wp-content\/uploads\/2019\/03\/EU-vijece-2019-1-1024x768.jpg\" alt=\"\" data-id=\"9006\" data-link=\"http:\/\/www.medskvz.org\/web\/?attachment_id=9006\" class=\"wp-image-9006 colorbox-9005\" srcset=\"https:\/\/www.medskvz.org\/web\/wp-content\/uploads\/2019\/03\/EU-vijece-2019-1-1024x768.jpg 1024w, https:\/\/www.medskvz.org\/web\/wp-content\/uploads\/2019\/03\/EU-vijece-2019-1-300x225.jpg 300w, https:\/\/www.medskvz.org\/web\/wp-content\/uploads\/2019\/03\/EU-vijece-2019-1-768x576.jpg 768w, https:\/\/www.medskvz.org\/web\/wp-content\/uploads\/2019\/03\/EU-vijece-2019-1.jpg 1032w\" sizes=\"(max-width: 1024px) 100vw, 1024px\" \/><\/figure><\/li><li class=\"blocks-gallery-item\"><figure><img loading=\"lazy\" width=\"1024\" height=\"768\" src=\"http:\/\/www.medskvz.org\/web\/wp-content\/uploads\/2019\/03\/EU-vijece-2019-2-1024x768.jpg\" alt=\"\" data-id=\"9007\" data-link=\"http:\/\/www.medskvz.org\/web\/?attachment_id=9007\" class=\"wp-image-9007 colorbox-9005\" srcset=\"https:\/\/www.medskvz.org\/web\/wp-content\/uploads\/2019\/03\/EU-vijece-2019-2-1024x768.jpg 1024w, https:\/\/www.medskvz.org\/web\/wp-content\/uploads\/2019\/03\/EU-vijece-2019-2-300x225.jpg 300w, https:\/\/www.medskvz.org\/web\/wp-content\/uploads\/2019\/03\/EU-vijece-2019-2-768x576.jpg 768w, https:\/\/www.medskvz.org\/web\/wp-content\/uploads\/2019\/03\/EU-vijece-2019-2.jpg 1032w\" sizes=\"(max-width: 1024px) 100vw, 1024px\" \/><\/figure><\/li><\/ul>\n","protected":false},"excerpt":{"rendered":"<div class=\"slide-text-bg2\"><span>\u010cetvoro u\u010denika 1.a razreda sudjelovalo je u simuliraj sjednici Europskog vije\u0107a, koju su 12. o\u017eujka 2019. godine za srednjo\u0161kolce iz Vara\u017edinske \u017eu<\/span><\/div>\n<div class=\"slide-btn-area-sm\"><a href=\"https:\/\/www.medskvz.org\/web\/2019\/03\/9005\/\" class=\"slide-btn-sm\">Pro\u010ditaj vi\u0161e<\/a><\/div>\n","protected":false},"author":12,"featured_media":9006,"comment_status":"closed","ping_status":"open","sticky":false,"template":"","format":"standard","meta":[],"categories":[1],"tags":[],"_links":{"self":[{"href":"https:\/\/www.medskvz.org\/web\/wp-json\/wp\/v2\/posts\/9005"}],"collection":[{"href":"https:\/\/www.medskvz.org\/web\/wp-json\/wp\/v2\/posts"}],"about":[{"href":"https:\/\/www.medskvz.org\/web\/wp-json\/wp\/v2\/types\/post"}],"author":[{"embeddable":true,"href":"https:\/\/www.medskvz.org\/web\/wp-json\/wp\/v2\/users\/12"}],"replies":[{"embeddable":true,"href":"https:\/\/www.medskvz.org\/web\/wp-json\/wp\/v2\/comments?post=9005"}],"version-history":[{"count":3,"href":"https:\/\/www.medskvz.org\/web\/wp-json\/wp\/v2\/posts\/9005\/revisions"}],"predecessor-version":[{"id":9014,"href":"https:\/\/www.medskvz.org\/web\/wp-json\/wp\/v2\/posts\/9005\/revisions\/9014"}],"wp:featuredmedia":[{"embeddable":true,"href":"https:\/\/www.medskvz.org\/web\/wp-json\/wp\/v2\/media\/9006"}],"wp:attachment":[{"href":"https:\/\/www.medskvz.org\/web\/wp-json\/wp\/v2\/media?parent=9005"}],"wp:term":[{"taxonomy":"category","embeddable":true,"href":"https:\/\/www.medskvz.org\/web\/wp-json\/wp\/v2\/categories?post=9005"},{"taxonomy":"post_tag","embeddable":true,"href":"https:\/\/www.medskvz.org\/web\/wp-json\/wp\/v2\/tags?post=9005"}],"curies":[{"name":"wp","href":"https:\/\/api.w.org\/{rel}","templated":true}]}}