{"id":8965,"date":"2019-03-07T21:03:41","date_gmt":"2019-03-07T19:03:41","guid":{"rendered":"http:\/\/www.medskvz.org\/web\/?p=8965"},"modified":"2019-03-07T22:07:58","modified_gmt":"2019-03-07T20:07:58","slug":"odabir-najmaske-maskare-2019","status":"publish","type":"post","link":"https:\/\/www.medskvz.org\/web\/2019\/03\/odabir-najmaske-maskare-2019\/","title":{"rendered":"Odabir najmaske &#8211; Ma\u0161kare 2019."},"content":{"rendered":"\n<p>Prijave su gotove. Po\u010dinje izbor. Klikni na svoj odabir najbolje maske. Svima koji su se maskirali i prijavili sretno i neka najbolja maska pobijedi! Prije nego \u0161to da\u0161 svoj glas, mo\u017ee\u0161 pregledati fotografije u galeriji.<\/p>\n\n\n\n<ul class=\"wp-container-2 wp-block-gallery-1 wp-block-gallery columns-4 is-cropped\"><li class=\"blocks-gallery-item\"><figure><a href=\"http:\/\/www.medskvz.org\/web\/wp-content\/uploads\/2019\/03\/1E-doktori-1024x768.jpeg\"><img loading=\"lazy\" width=\"1024\" height=\"768\" src=\"http:\/\/www.medskvz.org\/web\/wp-content\/uploads\/2019\/03\/1E-doktori-1024x768.jpeg\" alt=\"\" data-id=\"8972\" data-link=\"http:\/\/www.medskvz.org\/web\/2019\/03\/odabir-najmaske-maskare-2019\/1e-doktori\/\" class=\"wp-image-8972 colorbox-8965\" srcset=\"https:\/\/www.medskvz.org\/web\/wp-content\/uploads\/2019\/03\/1E-doktori-1024x768.jpeg 1024w, https:\/\/www.medskvz.org\/web\/wp-content\/uploads\/2019\/03\/1E-doktori-300x225.jpeg 300w, https:\/\/www.medskvz.org\/web\/wp-content\/uploads\/2019\/03\/1E-doktori-768x576.jpeg 768w, https:\/\/www.medskvz.org\/web\/wp-content\/uploads\/2019\/03\/1E-doktori.jpeg 1440w\" sizes=\"(max-width: 1024px) 100vw, 1024px\" \/><\/a><figcaption>Doktori<\/figcaption><\/figure><\/li><li class=\"blocks-gallery-item\"><figure><a href=\"http:\/\/www.medskvz.org\/web\/wp-content\/uploads\/2019\/03\/August-Kuzmic-1D-Seik-768x1024.jpg\"><img loading=\"lazy\" width=\"768\" height=\"1024\" src=\"http:\/\/www.medskvz.org\/web\/wp-content\/uploads\/2019\/03\/August-Kuzmic-1D-Seik-768x1024.jpg\" alt=\"\" data-id=\"8973\" data-link=\"http:\/\/www.medskvz.org\/web\/2019\/03\/odabir-najmaske-maskare-2019\/rbt\/\" class=\"wp-image-8973 colorbox-8965\" srcset=\"https:\/\/www.medskvz.org\/web\/wp-content\/uploads\/2019\/03\/August-Kuzmic-1D-Seik-768x1024.jpg 768w, https:\/\/www.medskvz.org\/web\/wp-content\/uploads\/2019\/03\/August-Kuzmic-1D-Seik-225x300.jpg 225w, https:\/\/www.medskvz.org\/web\/wp-content\/uploads\/2019\/03\/August-Kuzmic-1D-Seik.jpg 1042w\" sizes=\"(max-width: 768px) 100vw, 768px\" \/><\/a><figcaption>\u0160eik<\/figcaption><\/figure><\/li><li class=\"blocks-gallery-item\"><figure><a href=\"http:\/\/www.medskvz.org\/web\/wp-content\/uploads\/2019\/03\/Dorian-Hrman-Kristijan-Bala\u017einec-Borna-Posavec-3D-Baba-Rozalia-s-unucima-1024x768.jpeg\"><img loading=\"lazy\" width=\"1024\" height=\"768\" src=\"http:\/\/www.medskvz.org\/web\/wp-content\/uploads\/2019\/03\/Dorian-Hrman-Kristijan-Bala\u017einec-Borna-Posavec-3D-Baba-Rozalia-s-unucima-1024x768.jpeg\" alt=\"\" data-id=\"8974\" data-link=\"http:\/\/www.medskvz.org\/web\/2019\/03\/odabir-najmaske-maskare-2019\/dorian-hrman-kristijan-balazinec-borna-posavec-3d-baba-rozalia-s-unucima\/\" class=\"wp-image-8974 colorbox-8965\" srcset=\"https:\/\/www.medskvz.org\/web\/wp-content\/uploads\/2019\/03\/Dorian-Hrman-Kristijan-Bala\u017einec-Borna-Posavec-3D-Baba-Rozalia-s-unucima-1024x768.jpeg 1024w, https:\/\/www.medskvz.org\/web\/wp-content\/uploads\/2019\/03\/Dorian-Hrman-Kristijan-Bala\u017einec-Borna-Posavec-3D-Baba-Rozalia-s-unucima-300x225.jpeg 300w, https:\/\/www.medskvz.org\/web\/wp-content\/uploads\/2019\/03\/Dorian-Hrman-Kristijan-Bala\u017einec-Borna-Posavec-3D-Baba-Rozalia-s-unucima-768x576.jpeg 768w, https:\/\/www.medskvz.org\/web\/wp-content\/uploads\/2019\/03\/Dorian-Hrman-Kristijan-Bala\u017einec-Borna-Posavec-3D-Baba-Rozalia-s-unucima.jpeg 1548w\" sizes=\"(max-width: 1024px) 100vw, 1024px\" \/><\/a><figcaption>Baba Rozalia s unucima<\/figcaption><\/figure><\/li><li class=\"blocks-gallery-item\"><figure><a href=\"http:\/\/www.medskvz.org\/web\/wp-content\/uploads\/2019\/03\/Ivan-Sambolec-Karlo-Cesar-1B-Klosari-764x1024.jpeg\"><img loading=\"lazy\" width=\"764\" height=\"1024\" src=\"http:\/\/www.medskvz.org\/web\/wp-content\/uploads\/2019\/03\/Ivan-Sambolec-Karlo-Cesar-1B-Klosari-764x1024.jpeg\" alt=\"\" data-id=\"8975\" data-link=\"http:\/\/www.medskvz.org\/web\/2019\/03\/odabir-najmaske-maskare-2019\/ivan-sambolec-karlo-cesar-1b-klosari\/\" class=\"wp-image-8975 colorbox-8965\" srcset=\"https:\/\/www.medskvz.org\/web\/wp-content\/uploads\/2019\/03\/Ivan-Sambolec-Karlo-Cesar-1B-Klosari-764x1024.jpeg 764w, https:\/\/www.medskvz.org\/web\/wp-content\/uploads\/2019\/03\/Ivan-Sambolec-Karlo-Cesar-1B-Klosari-224x300.jpeg 224w, https:\/\/www.medskvz.org\/web\/wp-content\/uploads\/2019\/03\/Ivan-Sambolec-Karlo-Cesar-1B-Klosari-768x1029.jpeg 768w, https:\/\/www.medskvz.org\/web\/wp-content\/uploads\/2019\/03\/Ivan-Sambolec-Karlo-Cesar-1B-Klosari.jpeg 1504w\" sizes=\"(max-width: 764px) 100vw, 764px\" \/><\/a><figcaption>Klo\u0161ari<\/figcaption><\/figure><\/li><li class=\"blocks-gallery-item\"><figure><a href=\"http:\/\/www.medskvz.org\/web\/wp-content\/uploads\/2019\/03\/Ivana-K.G.-Hana-H.-Lucija-M.-1A-Zivotinjsko-carstvo-767x1024.jpeg\"><img loading=\"lazy\" width=\"767\" height=\"1024\" src=\"http:\/\/www.medskvz.org\/web\/wp-content\/uploads\/2019\/03\/Ivana-K.G.-Hana-H.-Lucija-M.-1A-Zivotinjsko-carstvo-767x1024.jpeg\" alt=\"\" data-id=\"8976\" data-link=\"http:\/\/www.medskvz.org\/web\/2019\/03\/odabir-najmaske-maskare-2019\/ivana-k-g-hana-h-lucija-m-1a-zivotinjsko-carstvo\/\" class=\"wp-image-8976 colorbox-8965\" srcset=\"https:\/\/www.medskvz.org\/web\/wp-content\/uploads\/2019\/03\/Ivana-K.G.-Hana-H.-Lucija-M.-1A-Zivotinjsko-carstvo-767x1024.jpeg 767w, https:\/\/www.medskvz.org\/web\/wp-content\/uploads\/2019\/03\/Ivana-K.G.-Hana-H.-Lucija-M.-1A-Zivotinjsko-carstvo-225x300.jpeg 225w, https:\/\/www.medskvz.org\/web\/wp-content\/uploads\/2019\/03\/Ivana-K.G.-Hana-H.-Lucija-M.-1A-Zivotinjsko-carstvo-768x1026.jpeg 768w, https:\/\/www.medskvz.org\/web\/wp-content\/uploads\/2019\/03\/Ivana-K.G.-Hana-H.-Lucija-M.-1A-Zivotinjsko-carstvo.jpeg 1352w\" sizes=\"(max-width: 767px) 100vw, 767px\" \/><\/a><figcaption>\u017divotinjsko carstvo<\/figcaption><\/figure><\/li><li class=\"blocks-gallery-item\"><figure><a href=\"http:\/\/www.medskvz.org\/web\/wp-content\/uploads\/2019\/03\/Ivona-Lukavski-Mia-Martincevic-Tea-Tkalec-Nika-O\u0161trek-Ira-\u0160\u010duri\u0107-Karolina-Topolko-3A-Pipi-duge-carape-768x1024.jpeg\"><img loading=\"lazy\" width=\"768\" height=\"1024\" src=\"http:\/\/www.medskvz.org\/web\/wp-content\/uploads\/2019\/03\/Ivona-Lukavski-Mia-Martincevic-Tea-Tkalec-Nika-O\u0161trek-Ira-\u0160\u010duri\u0107-Karolina-Topolko-3A-Pipi-duge-carape-768x1024.jpeg\" alt=\"\" data-id=\"8977\" data-link=\"http:\/\/www.medskvz.org\/web\/2019\/03\/odabir-najmaske-maskare-2019\/ivona-lukavski-mia-martincevic-tea-tkalec-nika-ostrek-ira-scuric-karolina-topolko-3a-pipi-duge-carape\/\" class=\"wp-image-8977 colorbox-8965\" srcset=\"https:\/\/www.medskvz.org\/web\/wp-content\/uploads\/2019\/03\/Ivona-Lukavski-Mia-Martincevic-Tea-Tkalec-Nika-O\u0161trek-Ira-\u0160\u010duri\u0107-Karolina-Topolko-3A-Pipi-duge-carape-768x1024.jpeg 768w, https:\/\/www.medskvz.org\/web\/wp-content\/uploads\/2019\/03\/Ivona-Lukavski-Mia-Martincevic-Tea-Tkalec-Nika-O\u0161trek-Ira-\u0160\u010duri\u0107-Karolina-Topolko-3A-Pipi-duge-carape-225x300.jpeg 225w, https:\/\/www.medskvz.org\/web\/wp-content\/uploads\/2019\/03\/Ivona-Lukavski-Mia-Martincevic-Tea-Tkalec-Nika-O\u0161trek-Ira-\u0160\u010duri\u0107-Karolina-Topolko-3A-Pipi-duge-carape.jpeg 918w\" sizes=\"(max-width: 768px) 100vw, 768px\" \/><\/a><figcaption>Pipi duge \u010darape<\/figcaption><\/figure><\/li><li class=\"blocks-gallery-item\"><figure><a href=\"http:\/\/www.medskvz.org\/web\/wp-content\/uploads\/2019\/03\/Kristian-Furjan-1B-Madjionicar-498x1024.jpg\"><img loading=\"lazy\" width=\"498\" height=\"1024\" src=\"http:\/\/www.medskvz.org\/web\/wp-content\/uploads\/2019\/03\/Kristian-Furjan-1B-Madjionicar-498x1024.jpg\" alt=\"\" data-id=\"8978\" data-link=\"http:\/\/www.medskvz.org\/web\/2019\/03\/odabir-najmaske-maskare-2019\/kristian-furjan-1b-madjionicar\/\" class=\"wp-image-8978 colorbox-8965\" srcset=\"https:\/\/www.medskvz.org\/web\/wp-content\/uploads\/2019\/03\/Kristian-Furjan-1B-Madjionicar-498x1024.jpg 498w, https:\/\/www.medskvz.org\/web\/wp-content\/uploads\/2019\/03\/Kristian-Furjan-1B-Madjionicar-146x300.jpg 146w, https:\/\/www.medskvz.org\/web\/wp-content\/uploads\/2019\/03\/Kristian-Furjan-1B-Madjionicar.jpg 686w\" sizes=\"(max-width: 498px) 100vw, 498px\" \/><\/a><figcaption>Ma\u0111ioni\u010dar<\/figcaption><\/figure><\/li><li class=\"blocks-gallery-item\"><figure><a href=\"http:\/\/www.medskvz.org\/web\/wp-content\/uploads\/2019\/03\/Leona-Gugic-1A-Kostur-576x1024.jpg\"><img loading=\"lazy\" width=\"576\" height=\"1024\" src=\"http:\/\/www.medskvz.org\/web\/wp-content\/uploads\/2019\/03\/Leona-Gugic-1A-Kostur-576x1024.jpg\" alt=\"\" data-id=\"8979\" data-link=\"http:\/\/www.medskvz.org\/web\/2019\/03\/odabir-najmaske-maskare-2019\/leona-gugic-1a-kostur\/\" class=\"wp-image-8979 colorbox-8965\" srcset=\"https:\/\/www.medskvz.org\/web\/wp-content\/uploads\/2019\/03\/Leona-Gugic-1A-Kostur-576x1024.jpg 576w, https:\/\/www.medskvz.org\/web\/wp-content\/uploads\/2019\/03\/Leona-Gugic-1A-Kostur-169x300.jpg 169w, https:\/\/www.medskvz.org\/web\/wp-content\/uploads\/2019\/03\/Leona-Gugic-1A-Kostur-768x1365.jpg 768w, https:\/\/www.medskvz.org\/web\/wp-content\/uploads\/2019\/03\/Leona-Gugic-1A-Kostur.jpg 918w\" sizes=\"(max-width: 576px) 100vw, 576px\" \/><\/a><figcaption>Kostur<\/figcaption><\/figure><\/li><li class=\"blocks-gallery-item\"><figure><a href=\"http:\/\/www.medskvz.org\/web\/wp-content\/uploads\/2019\/03\/Matea-Capek-i-Ivana-Horvati\u0107-3A-macke-493x1024.jpg\"><img loading=\"lazy\" width=\"493\" height=\"1024\" src=\"http:\/\/www.medskvz.org\/web\/wp-content\/uploads\/2019\/03\/Matea-Capek-i-Ivana-Horvati\u0107-3A-macke-493x1024.jpg\" alt=\"\" data-id=\"8980\" data-link=\"http:\/\/www.medskvz.org\/web\/2019\/03\/odabir-najmaske-maskare-2019\/rpt\/\" class=\"wp-image-8980 colorbox-8965\" srcset=\"https:\/\/www.medskvz.org\/web\/wp-content\/uploads\/2019\/03\/Matea-Capek-i-Ivana-Horvati\u0107-3A-macke-493x1024.jpg 493w, https:\/\/www.medskvz.org\/web\/wp-content\/uploads\/2019\/03\/Matea-Capek-i-Ivana-Horvati\u0107-3A-macke-144x300.jpg 144w, https:\/\/www.medskvz.org\/web\/wp-content\/uploads\/2019\/03\/Matea-Capek-i-Ivana-Horvati\u0107-3A-macke.jpg 668w\" sizes=\"(max-width: 493px) 100vw, 493px\" \/><\/a><figcaption>Ma\u010dke<\/figcaption><\/figure><\/li><li class=\"blocks-gallery-item\"><figure><a href=\"http:\/\/www.medskvz.org\/web\/wp-content\/uploads\/2019\/03\/Mateja-Mia-Karla-Ivana-Anamarija-Mirna-Tihana-Klara-Anja-Janja-Luka-Laura-Iva-Nika-Klara-Mihaela-3B-NK-Medicinari-1024x498.jpg\"><img loading=\"lazy\" width=\"1024\" height=\"498\" src=\"http:\/\/www.medskvz.org\/web\/wp-content\/uploads\/2019\/03\/Mateja-Mia-Karla-Ivana-Anamarija-Mirna-Tihana-Klara-Anja-Janja-Luka-Laura-Iva-Nika-Klara-Mihaela-3B-NK-Medicinari-1024x498.jpg\" alt=\"\" data-id=\"8981\" data-link=\"http:\/\/www.medskvz.org\/web\/2019\/03\/odabir-najmaske-maskare-2019\/mateja-mia-karla-ivana-anamarija-mirna-tihana-klara-anja-janja-luka-laura-iva-nika-klara-mihaela-3b-nk-medicinari\/\" class=\"wp-image-8981 colorbox-8965\" srcset=\"https:\/\/www.medskvz.org\/web\/wp-content\/uploads\/2019\/03\/Mateja-Mia-Karla-Ivana-Anamarija-Mirna-Tihana-Klara-Anja-Janja-Luka-Laura-Iva-Nika-Klara-Mihaela-3B-NK-Medicinari-1024x498.jpg 1024w, https:\/\/www.medskvz.org\/web\/wp-content\/uploads\/2019\/03\/Mateja-Mia-Karla-Ivana-Anamarija-Mirna-Tihana-Klara-Anja-Janja-Luka-Laura-Iva-Nika-Klara-Mihaela-3B-NK-Medicinari-300x146.jpg 300w, https:\/\/www.medskvz.org\/web\/wp-content\/uploads\/2019\/03\/Mateja-Mia-Karla-Ivana-Anamarija-Mirna-Tihana-Klara-Anja-Janja-Luka-Laura-Iva-Nika-Klara-Mihaela-3B-NK-Medicinari-768x373.jpg 768w, https:\/\/www.medskvz.org\/web\/wp-content\/uploads\/2019\/03\/Mateja-Mia-Karla-Ivana-Anamarija-Mirna-Tihana-Klara-Anja-Janja-Luka-Laura-Iva-Nika-Klara-Mihaela-3B-NK-Medicinari.jpg 1152w\" sizes=\"(max-width: 1024px) 100vw, 1024px\" \/><\/a><figcaption>NK Medicinari<\/figcaption><\/figure><\/li><li class=\"blocks-gallery-item\"><figure><a href=\"http:\/\/www.medskvz.org\/web\/wp-content\/uploads\/2019\/03\/Rene-Njegovec-3E-Strumpfeta.jpg\"><img loading=\"lazy\" width=\"684\" height=\"912\" src=\"http:\/\/www.medskvz.org\/web\/wp-content\/uploads\/2019\/03\/Rene-Njegovec-3E-Strumpfeta.jpg\" alt=\"\" data-id=\"8982\" data-link=\"http:\/\/www.medskvz.org\/web\/2019\/03\/odabir-najmaske-maskare-2019\/qrf\/\" class=\"wp-image-8982 colorbox-8965\" srcset=\"https:\/\/www.medskvz.org\/web\/wp-content\/uploads\/2019\/03\/Rene-Njegovec-3E-Strumpfeta.jpg 684w, https:\/\/www.medskvz.org\/web\/wp-content\/uploads\/2019\/03\/Rene-Njegovec-3E-Strumpfeta-225x300.jpg 225w\" sizes=\"(max-width: 684px) 100vw, 684px\" \/><\/a><figcaption>\u0160trumpfeta<\/figcaption><\/figure><\/li><\/ul>\n\n\n<div data-opinionstage-embed-url=\"https:\/\/www.opinionstage.com\/api\/v1\/polls\/2541511\/code.json?width=\" style=\"display: none; visibility: hidden;\"><\/div>\n","protected":false},"excerpt":{"rendered":"<div class=\"slide-text-bg2\"><span>Prijave su gotove. Po\u010dinje izbor. Klikni na svoj odabir najbolje maske. Svima koji su se maskirali i prijavili sretno i neka najbolja maska pobijedi! Prij<\/span><\/div>\n<div class=\"slide-btn-area-sm\"><a href=\"https:\/\/www.medskvz.org\/web\/2019\/03\/odabir-najmaske-maskare-2019\/\" class=\"slide-btn-sm\">Pro\u010ditaj vi\u0161e<\/a><\/div>\n","protected":false},"author":12,"featured_media":8968,"comment_status":"closed","ping_status":"open","sticky":true,"template":"","format":"standard","meta":[],"categories":[1],"tags":[],"_links":{"self":[{"href":"https:\/\/www.medskvz.org\/web\/wp-json\/wp\/v2\/posts\/8965"}],"collection":[{"href":"https:\/\/www.medskvz.org\/web\/wp-json\/wp\/v2\/posts"}],"about":[{"href":"https:\/\/www.medskvz.org\/web\/wp-json\/wp\/v2\/types\/post"}],"author":[{"embeddable":true,"href":"https:\/\/www.medskvz.org\/web\/wp-json\/wp\/v2\/users\/12"}],"replies":[{"embeddable":true,"href":"https:\/\/www.medskvz.org\/web\/wp-json\/wp\/v2\/comments?post=8965"}],"version-history":[{"count":6,"href":"https:\/\/www.medskvz.org\/web\/wp-json\/wp\/v2\/posts\/8965\/revisions"}],"predecessor-version":[{"id":8991,"href":"https:\/\/www.medskvz.org\/web\/wp-json\/wp\/v2\/posts\/8965\/revisions\/8991"}],"wp:featuredmedia":[{"embeddable":true,"href":"https:\/\/www.medskvz.org\/web\/wp-json\/wp\/v2\/media\/8968"}],"wp:attachment":[{"href":"https:\/\/www.medskvz.org\/web\/wp-json\/wp\/v2\/media?parent=8965"}],"wp:term":[{"taxonomy":"category","embeddable":true,"href":"https:\/\/www.medskvz.org\/web\/wp-json\/wp\/v2\/categories?post=8965"},{"taxonomy":"post_tag","embeddable":true,"href":"https:\/\/www.medskvz.org\/web\/wp-json\/wp\/v2\/tags?post=8965"}],"curies":[{"name":"wp","href":"https:\/\/api.w.org\/{rel}","templated":true}]}}