{"id":705,"date":"2011-10-15T15:17:26","date_gmt":"2011-10-15T13:17:26","guid":{"rendered":"http:\/\/www.medskvz.org\/web\/?p=705"},"modified":"2011-11-19T09:55:16","modified_gmt":"2011-11-19T07:55:16","slug":"mjesec-hrvatske-knjige-15-10-%e2%80%93-15-11-3","status":"publish","type":"post","link":"https:\/\/www.medskvz.org\/web\/2011\/10\/mjesec-hrvatske-knjige-15-10-%e2%80%93-15-11-3\/","title":{"rendered":"Mjesec hrvatske knjige (15.10. \u2013 15.11.)"},"content":{"rendered":"<p><img loading=\"lazy\" width=\"630\" height=\"270\" alt=\"\" class=\"alignleft size-full wp-image-671 colorbox-705\" src=\"http:\/\/www.medskvz.org\/web\/wp-content\/uploads\/2011\/11\/mjesec-hrvatske-knjige2011-naslovna.jpg\" style=\"width: 243px; height: 104px;\" title=\"mjesec-hrvatske-knjige2011-naslovna\" srcset=\"https:\/\/www.medskvz.org\/web\/wp-content\/uploads\/2011\/11\/mjesec-hrvatske-knjige2011-naslovna.jpg 630w, https:\/\/www.medskvz.org\/web\/wp-content\/uploads\/2011\/11\/mjesec-hrvatske-knjige2011-naslovna-300x128.jpg 300w\" sizes=\"(max-width: 630px) 100vw, 630px\" \/>Tradicionalna nacionalna kulturna manifestacija posve\u0107ena hrvatskoj pisanoj rije\u010di i promicanju hrvatske knjige i \u010ditanja okuplja knji\u017eni\u010dare, knji\u017eevnike, nakladnike, kulturne djelatnike i \u010ditatelje.&nbsp;<\/p>\n<p>Mjesec hrvatske knjige 2011. posve\u0107en je pjesni&scaron;tvu i nosi naziv \u02dd\u010citajmo pjesnike\u02dd.<\/p>\n<p>U na&scaron;oj &scaron;koli otvorenje Mjeseca hrvatske knjige zapo\u010delo je s terenskom nastavom u istarskoj Aleji glagolja&scaron;a, kojoj su prisustvovali u\u010denici 2.d razreda. Izlo\u017eene plakate mo\u017eete pogledati u auli &scaron;kole.<\/p>\n<p>3. studenog u ve\u010dernjim satima bit \u0107e uprili\u010deno \u010ditanje poezije Ive Kozar\u010danina i Ivana Slamniga, \u010dije obljetnice smrti obilje\u017eavamo ove godine.<\/p>\n","protected":false},"excerpt":{"rendered":"<div class=\"slide-text-bg2\"><span>Tradicionalna nacionalna kulturna manifestacija posve\u0107ena hrvatskoj pisanoj rije\u010di i promicanju hrvatske knjige i \u010ditanja okuplja knji\u017eni\u010dare, knji\u017ee<\/span><\/div>\n<div class=\"slide-btn-area-sm\"><a href=\"https:\/\/www.medskvz.org\/web\/2011\/10\/mjesec-hrvatske-knjige-15-10-%e2%80%93-15-11-3\/\" class=\"slide-btn-sm\">Pro\u010ditaj vi\u0161e<\/a><\/div>\n","protected":false},"author":12,"featured_media":671,"comment_status":"closed","ping_status":"closed","sticky":false,"template":"","format":"standard","meta":[],"categories":[1],"tags":[],"_links":{"self":[{"href":"https:\/\/www.medskvz.org\/web\/wp-json\/wp\/v2\/posts\/705"}],"collection":[{"href":"https:\/\/www.medskvz.org\/web\/wp-json\/wp\/v2\/posts"}],"about":[{"href":"https:\/\/www.medskvz.org\/web\/wp-json\/wp\/v2\/types\/post"}],"author":[{"embeddable":true,"href":"https:\/\/www.medskvz.org\/web\/wp-json\/wp\/v2\/users\/12"}],"replies":[{"embeddable":true,"href":"https:\/\/www.medskvz.org\/web\/wp-json\/wp\/v2\/comments?post=705"}],"version-history":[{"count":3,"href":"https:\/\/www.medskvz.org\/web\/wp-json\/wp\/v2\/posts\/705\/revisions"}],"predecessor-version":[{"id":1148,"href":"https:\/\/www.medskvz.org\/web\/wp-json\/wp\/v2\/posts\/705\/revisions\/1148"}],"wp:featuredmedia":[{"embeddable":true,"href":"https:\/\/www.medskvz.org\/web\/wp-json\/wp\/v2\/media\/671"}],"wp:attachment":[{"href":"https:\/\/www.medskvz.org\/web\/wp-json\/wp\/v2\/media?parent=705"}],"wp:term":[{"taxonomy":"category","embeddable":true,"href":"https:\/\/www.medskvz.org\/web\/wp-json\/wp\/v2\/categories?post=705"},{"taxonomy":"post_tag","embeddable":true,"href":"https:\/\/www.medskvz.org\/web\/wp-json\/wp\/v2\/tags?post=705"}],"curies":[{"name":"wp","href":"https:\/\/api.w.org\/{rel}","templated":true}]}}