{"id":7007,"date":"2017-05-11T18:10:23","date_gmt":"2017-05-11T16:10:23","guid":{"rendered":"http:\/\/www.medskvz.org\/web\/?p=7007"},"modified":"2019-01-16T20:47:19","modified_gmt":"2019-01-16T18:47:19","slug":"prva-emisija-skolskog-radija-medicinske-skole-mrav","status":"publish","type":"post","link":"https:\/\/www.medskvz.org\/web\/2017\/05\/prva-emisija-skolskog-radija-medicinske-skole-mrav\/","title":{"rendered":"Prva emisija \u0161kolskog radija Medicinske \u0161kole MRAV"},"content":{"rendered":"<p><img loading=\"lazy\" class=\"size-medium wp-image-8519 aligncenter colorbox-7007\" src=\"http:\/\/www.medskvz.org\/web\/wp-content\/uploads\/2018\/05\/MRAV-300x278.jpg\" alt=\"MRAV\" width=\"300\" height=\"278\" srcset=\"https:\/\/www.medskvz.org\/web\/wp-content\/uploads\/2018\/05\/MRAV-300x278.jpg 300w, https:\/\/www.medskvz.org\/web\/wp-content\/uploads\/2018\/05\/MRAV.jpg 680w\" sizes=\"(max-width: 300px) 100vw, 300px\" \/><\/p>\n<p>&nbsp;<\/p>\n<p>Na dan \u0161kole 12. svibnja 2017. kre\u0107emo s na\u0161im \u0161kolskim radijom. Marljivi u\u010denici snimili su prvu emisiju na\u0161eg \u0161kolskog radija. Nadamo se da \u0107e vam se svidjeti i uskoro o\u010dekujte i nove emisije. U\u017eivajte!<\/p>\n<p>&nbsp;<\/p>\n<!--[if lt IE 9]><script>document.createElement('audio');<\/script><![endif]-->\n<audio class=\"wp-audio-shortcode\" id=\"audio-7007-1\" preload=\"none\" style=\"width: 100%;\" controls=\"controls\"><source type=\"audio\/mpeg\" src=\"http:\/\/www.medskvz.org\/web\/wp-content\/uploads\/2017\/05\/Prva-emisija-skolskog-radija-MRAV.mp3?_=1\" \/><a href=\"http:\/\/www.medskvz.org\/web\/wp-content\/uploads\/2017\/05\/Prva-emisija-skolskog-radija-MRAV.mp3\">http:\/\/www.medskvz.org\/web\/wp-content\/uploads\/2017\/05\/Prva-emisija-skolskog-radija-MRAV.mp3<\/a><\/audio>\n","protected":false},"excerpt":{"rendered":"<div class=\"slide-text-bg2\"><span>&nbsp; Na dan \u0161kole 12. svibnja 2017. kre\u0107emo s na\u0161im \u0161kolskim radijom. Marljivi u\u010denici snimili su prvu emisiju na\u0161eg \u0161kolskog radija. Nadamo se da<\/span><\/div>\n<div class=\"slide-btn-area-sm\"><a href=\"https:\/\/www.medskvz.org\/web\/2017\/05\/prva-emisija-skolskog-radija-medicinske-skole-mrav\/\" class=\"slide-btn-sm\">Pro\u010ditaj vi\u0161e<\/a><\/div>\n","protected":false},"author":12,"featured_media":0,"comment_status":"closed","ping_status":"open","sticky":false,"template":"","format":"standard","meta":[],"categories":[27],"tags":[],"_links":{"self":[{"href":"https:\/\/www.medskvz.org\/web\/wp-json\/wp\/v2\/posts\/7007"}],"collection":[{"href":"https:\/\/www.medskvz.org\/web\/wp-json\/wp\/v2\/posts"}],"about":[{"href":"https:\/\/www.medskvz.org\/web\/wp-json\/wp\/v2\/types\/post"}],"author":[{"embeddable":true,"href":"https:\/\/www.medskvz.org\/web\/wp-json\/wp\/v2\/users\/12"}],"replies":[{"embeddable":true,"href":"https:\/\/www.medskvz.org\/web\/wp-json\/wp\/v2\/comments?post=7007"}],"version-history":[{"count":4,"href":"https:\/\/www.medskvz.org\/web\/wp-json\/wp\/v2\/posts\/7007\/revisions"}],"predecessor-version":[{"id":8523,"href":"https:\/\/www.medskvz.org\/web\/wp-json\/wp\/v2\/posts\/7007\/revisions\/8523"}],"wp:attachment":[{"href":"https:\/\/www.medskvz.org\/web\/wp-json\/wp\/v2\/media?parent=7007"}],"wp:term":[{"taxonomy":"category","embeddable":true,"href":"https:\/\/www.medskvz.org\/web\/wp-json\/wp\/v2\/categories?post=7007"},{"taxonomy":"post_tag","embeddable":true,"href":"https:\/\/www.medskvz.org\/web\/wp-json\/wp\/v2\/tags?post=7007"}],"curies":[{"name":"wp","href":"https:\/\/api.w.org\/{rel}","templated":true}]}}