{"id":6212,"date":"2016-06-14T20:08:25","date_gmt":"2016-06-14T18:08:25","guid":{"rendered":"http:\/\/www.medskvz.org\/web\/?p=6212"},"modified":"2016-06-20T10:18:48","modified_gmt":"2016-06-20T08:18:48","slug":"obavijest-ucenicima-srednjih-skola-koji-ce-u-skolskoj-godini-2016-2017-koristiti-pravo-na-prijevoz-sukladno-odluci-vlade","status":"publish","type":"post","link":"https:\/\/www.medskvz.org\/web\/2016\/06\/obavijest-ucenicima-srednjih-skola-koji-ce-u-skolskoj-godini-2016-2017-koristiti-pravo-na-prijevoz-sukladno-odluci-vlade\/","title":{"rendered":"Obavijest u\u010denicima srednjih \u0161kola koji \u0107e u \u0161kolskoj godini 2016.\/2017. koristiti pravo na prijevoz sukladno odluci vlade"},"content":{"rendered":"<p><span style=\"font-size:14px;\">Obavje&scaron;tavamo u\u010denike koji su u svrhu izrade novoga modela sufinanciranja i financiranja prijevoza u\u010denika srednjih &scaron;kola za &scaron;kolsku godinu 2016.\/2017., dostavljali osobne identifikacijske brojeve (OIB) \u010dlanova ku\u0107anstva, kako \u0107e Ministarstvo aplikaciju za daljnji unos <span style=\"color:#B22222;\"><strong>zatvoriti&nbsp;10. lipnja 2016. godine u 16:00 sati.<\/strong><\/span><\/span><\/p>\n<p><span style=\"font-size:14px;\"><strong>U\u010denici koji nisu dostavili tra\u017eene podatke u zadanom roku, a u prethodnoj &scaron;kolskoj godini ostvarivali su pravo na prijevoz sukladno Odluci Vlade, mo\u0107i \u0107e podatke unijeti prilikom ponovnog otvaranja aplikacije prije po\u010detka &scaron;kolske godine, kada \u0107e podatke unositi u\u010denici koji \u0107e u rujnu upisati prvi razred srednje &scaron;kole.<\/strong><\/span><\/p>\n<p><span style=\"font-size:14px;\">Tako\u0111er, u\u010denicima koji su unijeli neispravne podatke ili kod kojih je do&scaron;lo do promjena, prije po\u010detka &scaron;kolske godine, bit \u0107e omogu\u0107en ponovan unos.<\/span><\/p>\n<p><span style=\"font-size:14px;\">Obavijest o novom ciklusu unosa podataka, dostavit \u0107emo putem mre\u017enih stranica Ministarstva, \u017eupanija i Grada Zagreba te &scaron;kola.<\/span><\/p>\n","protected":false},"excerpt":{"rendered":"<div class=\"slide-text-bg2\"><span>Obavje&scaron;tavamo u\u010denike koji su u svrhu izrade novoga modela sufinanciranja i financiranja prijevoza u\u010denika srednjih &scaron;kola za &scaron;kolsku<\/span><\/div>\n<div class=\"slide-btn-area-sm\"><a href=\"https:\/\/www.medskvz.org\/web\/2016\/06\/obavijest-ucenicima-srednjih-skola-koji-ce-u-skolskoj-godini-2016-2017-koristiti-pravo-na-prijevoz-sukladno-odluci-vlade\/\" class=\"slide-btn-sm\">Pro\u010ditaj vi\u0161e<\/a><\/div>\n","protected":false},"author":12,"featured_media":0,"comment_status":"closed","ping_status":"open","sticky":false,"template":"","format":"standard","meta":[],"categories":[1],"tags":[],"_links":{"self":[{"href":"https:\/\/www.medskvz.org\/web\/wp-json\/wp\/v2\/posts\/6212"}],"collection":[{"href":"https:\/\/www.medskvz.org\/web\/wp-json\/wp\/v2\/posts"}],"about":[{"href":"https:\/\/www.medskvz.org\/web\/wp-json\/wp\/v2\/types\/post"}],"author":[{"embeddable":true,"href":"https:\/\/www.medskvz.org\/web\/wp-json\/wp\/v2\/users\/12"}],"replies":[{"embeddable":true,"href":"https:\/\/www.medskvz.org\/web\/wp-json\/wp\/v2\/comments?post=6212"}],"version-history":[{"count":1,"href":"https:\/\/www.medskvz.org\/web\/wp-json\/wp\/v2\/posts\/6212\/revisions"}],"predecessor-version":[{"id":6213,"href":"https:\/\/www.medskvz.org\/web\/wp-json\/wp\/v2\/posts\/6212\/revisions\/6213"}],"wp:attachment":[{"href":"https:\/\/www.medskvz.org\/web\/wp-json\/wp\/v2\/media?parent=6212"}],"wp:term":[{"taxonomy":"category","embeddable":true,"href":"https:\/\/www.medskvz.org\/web\/wp-json\/wp\/v2\/categories?post=6212"},{"taxonomy":"post_tag","embeddable":true,"href":"https:\/\/www.medskvz.org\/web\/wp-json\/wp\/v2\/tags?post=6212"}],"curies":[{"name":"wp","href":"https:\/\/api.w.org\/{rel}","templated":true}]}}