{"id":6116,"date":"2016-05-13T01:03:53","date_gmt":"2016-05-12T23:03:53","guid":{"rendered":"http:\/\/www.medskvz.org\/web\/?p=6116"},"modified":"2016-10-04T08:52:24","modified_gmt":"2016-10-04T06:52:24","slug":"posjet-ucenika-5-a-i-5-b-razreda-domu-za-starije-i-nemocne-varazdin-i-dnevnom-centru-za-starije-osobe-varazdin","status":"publish","type":"post","link":"https:\/\/www.medskvz.org\/web\/2016\/05\/posjet-ucenika-5-a-i-5-b-razreda-domu-za-starije-i-nemocne-varazdin-i-dnevnom-centru-za-starije-osobe-varazdin\/","title":{"rendered":"Posjet u\u010denika 5.a i 5. B razreda Domu za starije i nemo\u0107ne Vara\u017edin i Dnevnom centru za starije osobe Vara\u017edin"},"content":{"rendered":"<p>Svatko od nas starost do\u017eivljava na druga\u010diji na\u010din. Svatko od nas razli\u010dito definira po\u010detak starosti. No jedno je sigurno, starost nije bolest! Tako su u srijedu, 04.05.2016.g., sa \u017eeljom da upoznaju na\u010din rada i svakodnevne aktivnosti korisnika, u\u010denici 5.A i 5.B razreda sa nastavnicom Marijanom Dugi posjetili Dom za starije i nemo\u0107ne osobe Vara\u017edin.<\/p>\n<p>Ulaskom u ustanovu, dobrodo&scaron;licu nam je po\u017eeljela Vesna Pravica koja nam je ujedno ispri\u010dala sve o Domu za starije i nemo\u0107ne te nas povela u razgledavanje. Naime, Dom za starije i nemo\u0107ne osobe Vara\u017edin osnovan je 1977.g., a otvoren 1979.g. Djelatnost Doma je pru\u017eanje usluge skrbi izvan vlastite obitelji starijim i nemo\u0107nim osobama kojima je zbog trajnih promjena u zdravstvenom stanju i nemo\u0107i prijeko potrebna stalna pomo\u0107 i njega druge osobe. Pogledali smo Centar za radnu &nbsp;terapiju gdje korisnici sami izra\u0111uju pozivnice, \u010destitke, razne ukrase, &scaron;ivaju &nbsp;jastuke, sviraju, pjevaju&#8230; Uglavnom, svakodnevno imaju zaista puno aktivnosti. Od toga da svako jutro vje\u017ebaju pa sve do priprema za razna natjecanja i nastupe.<\/p>\n<p><span style=\"line-height: 20.8px;\">[envira-gallery id=&#8221;6401&#8243;]<\/span><\/p>\n<p>Zatim smo pro&scaron;etali do Dnevnog centra koji je otvoren 2007.g. Tu smo susreli vedre i raspolo\u017eene korisnike&#8230; Potom nas je sestra Vesna upoznala sa svrhom nastajanja Dnevnog centra koji je zapravo osnovan s namjerom da se izbjegne preuranjena institucionalizacija osoba starije \u017eivotne dobi. Tu se zbrinjavaju starije osobe za vrijeme odsutnosti \u010dlanova obitelji, osigurana im je prehrana, briga o zdravlju, organiziran je prijevoz i naravno, organizirano je slobodno vrijeme pa smo tako imali prilike vidjeti kako korisnici igraju &scaron;ah, kartaju i sl.<\/p>\n<p>I na samom &nbsp;kraju upoznali smo glavnu sestru Doma, Ivanu Telebar koja je ujedno i voditelj poja\u010dane njege. Ona nam je ljubazno objasnila kako su na odjelu poja\u010dane njege smje&scaron;tene osobe oboljele od Parkinsonove bolesti, Alzheimerove bolesti, dementne osobe, nemo\u0107ne osobe &#8230; Imali smo prilike razgledati sobe koje su opremljene specijalnim krevetima, neke od njih imaju i kupaonicu. O pacijentima brinu medicinske sestre, njegovatelji, fizioterapeuti. Tako\u0111er smo dobili informaciju da Dom raspola\u017ee sa 360 le\u017eaja, od \u010dega ih je \u010dak 150 na odjelu poja\u010dane njege.<\/p>\n<p>Prolaze\u0107i hodnikom, najljep&scaron;e je bilo vidjeti osmijeh na licima korisnika. Tko zna&#8230; Mo\u017eda \u0107e u skoroj budu\u0107nosti i netko od nas biti dio tima koji \u0107e pomagati i uljep&scaron;avati dane korisnicima ovog Doma.<\/p>\n<p>Petra &Scaron;afran 5.b<\/p>\n<p>&nbsp;<\/p>\n","protected":false},"excerpt":{"rendered":"<div class=\"slide-text-bg2\"><span>Svatko od nas starost do\u017eivljava na druga\u010diji na\u010din. Svatko od nas razli\u010dito definira po\u010detak starosti. No jedno je sigurno, starost nije bolest! Tako<\/span><\/div>\n<div class=\"slide-btn-area-sm\"><a href=\"https:\/\/www.medskvz.org\/web\/2016\/05\/posjet-ucenika-5-a-i-5-b-razreda-domu-za-starije-i-nemocne-varazdin-i-dnevnom-centru-za-starije-osobe-varazdin\/\" class=\"slide-btn-sm\">Pro\u010ditaj vi\u0161e<\/a><\/div>\n","protected":false},"author":12,"featured_media":0,"comment_status":"closed","ping_status":"open","sticky":false,"template":"","format":"standard","meta":[],"categories":[1],"tags":[],"_links":{"self":[{"href":"https:\/\/www.medskvz.org\/web\/wp-json\/wp\/v2\/posts\/6116"}],"collection":[{"href":"https:\/\/www.medskvz.org\/web\/wp-json\/wp\/v2\/posts"}],"about":[{"href":"https:\/\/www.medskvz.org\/web\/wp-json\/wp\/v2\/types\/post"}],"author":[{"embeddable":true,"href":"https:\/\/www.medskvz.org\/web\/wp-json\/wp\/v2\/users\/12"}],"replies":[{"embeddable":true,"href":"https:\/\/www.medskvz.org\/web\/wp-json\/wp\/v2\/comments?post=6116"}],"version-history":[{"count":3,"href":"https:\/\/www.medskvz.org\/web\/wp-json\/wp\/v2\/posts\/6116\/revisions"}],"predecessor-version":[{"id":6402,"href":"https:\/\/www.medskvz.org\/web\/wp-json\/wp\/v2\/posts\/6116\/revisions\/6402"}],"wp:attachment":[{"href":"https:\/\/www.medskvz.org\/web\/wp-json\/wp\/v2\/media?parent=6116"}],"wp:term":[{"taxonomy":"category","embeddable":true,"href":"https:\/\/www.medskvz.org\/web\/wp-json\/wp\/v2\/categories?post=6116"},{"taxonomy":"post_tag","embeddable":true,"href":"https:\/\/www.medskvz.org\/web\/wp-json\/wp\/v2\/tags?post=6116"}],"curies":[{"name":"wp","href":"https:\/\/api.w.org\/{rel}","templated":true}]}}