{"id":5906,"date":"2016-03-12T11:49:13","date_gmt":"2016-03-12T09:49:13","guid":{"rendered":"http:\/\/www.medskvz.org\/web\/?p=5906"},"modified":"2017-03-03T16:29:41","modified_gmt":"2017-03-03T14:29:41","slug":"u-globe-programu-vec-18-godina","status":"publish","type":"post","link":"https:\/\/www.medskvz.org\/web\/2016\/03\/u-globe-programu-vec-18-godina\/","title":{"rendered":"U GLOBE programu ve\u0107 18 godina"},"content":{"rendered":"<p><strong>U\u010denici Medicinske \u0161kole Vara\u017edin uklju\u010deni su u Globe program (globalno u\u010denje i opa\u017eanje za dobrobit okoli\u0161a) ve\u0107 18 godina.<\/strong><\/p>\n<p>Sve je zapo\u010delo 1998. godine, a tradicija mjerenja nastavlja se i danas. Dugogodi\u0161nju tradiciju pokrenula je umirovljena prof. Knolmajer Ranka, a danas ju zamjenjuje prof. Krajnik Marija. Svaki dan u isto vrijeme mjere se temperatura zraka, tla, vlaga, tlak zraka te raznolike padaline i unose podaci na internetsku stranicu Globe programa. Osim u okrugu \u0161kole, odlazi se na Aquacity Vara\u017edin i rijeku Plitvicu, gdje se mjere pH vode, temperatura, otopljeni kisik te nitrati i nitriti. Ove godine uklju\u010dili su se u humanitarnu akciju \u201ePlasti\u010dnim \u010depovima do skupih lijekova\u201c. Tom humanom gestom poma\u017eu brojnim osobama oboljelima od leukemije i limfoma. Danas se bavimo atmosferskim, hidrolo\u0161kim i fenolo\u0161kim mjerenjima koja, izme\u0111u ostalog obuhva\u0107aju mjerenje temperature zraka, tla i vode, mjerenje vlage zraka te mjerenje koli\u010dine padalina.<\/p>\n<p><a href=\"http:\/\/www.medskvz.org\/web\/wp-content\/uploads\/2016\/03\/Globe_cr.jpg\"><img loading=\"lazy\" class=\"aligncenter size-full wp-image-5909 colorbox-5906\" src=\"http:\/\/www.medskvz.org\/web\/wp-content\/uploads\/2016\/03\/Globe_cr.jpg\" alt=\"Globe_cr\" width=\"296\" height=\"355\" srcset=\"https:\/\/www.medskvz.org\/web\/wp-content\/uploads\/2016\/03\/Globe_cr.jpg 296w, https:\/\/www.medskvz.org\/web\/wp-content\/uploads\/2016\/03\/Globe_cr-250x300.jpg 250w\" sizes=\"(max-width: 296px) 100vw, 296px\" \/><\/a><\/p>\n<p>\u201eNon scholae sed vitae discimus\u201c prava je izreka za ovu \u0161kolu. Ti mladi ljudi ovime su dokazali da se uporno\u0161\u0107u i voljom svaki zadatak mo\u017ee izvr\u0161iti.<\/p>\n<p>Veselimo se nadolaze\u0107im generacijama!<\/p>\n<p>Ovim putem Vas pozivamo da nam se pridru\u017eite u skupljanju plasti\u010dnih \u010depova i time spasite jedan od mnogobrojnih ljudskih \u017eivota.\u00ad<\/p>\n","protected":false},"excerpt":{"rendered":"<div class=\"slide-text-bg2\"><span>U\u010denici Medicinske \u0161kole Vara\u017edin uklju\u010deni su u Globe program (globalno u\u010denje i opa\u017eanje za dobrobit okoli\u0161a) ve\u0107 18 godina. Sve je zapo\u010delo 199<\/span><\/div>\n<div class=\"slide-btn-area-sm\"><a href=\"https:\/\/www.medskvz.org\/web\/2016\/03\/u-globe-programu-vec-18-godina\/\" class=\"slide-btn-sm\">Pro\u010ditaj vi\u0161e<\/a><\/div>\n","protected":false},"author":12,"featured_media":0,"comment_status":"closed","ping_status":"open","sticky":false,"template":"","format":"standard","meta":[],"categories":[24],"tags":[],"_links":{"self":[{"href":"https:\/\/www.medskvz.org\/web\/wp-json\/wp\/v2\/posts\/5906"}],"collection":[{"href":"https:\/\/www.medskvz.org\/web\/wp-json\/wp\/v2\/posts"}],"about":[{"href":"https:\/\/www.medskvz.org\/web\/wp-json\/wp\/v2\/types\/post"}],"author":[{"embeddable":true,"href":"https:\/\/www.medskvz.org\/web\/wp-json\/wp\/v2\/users\/12"}],"replies":[{"embeddable":true,"href":"https:\/\/www.medskvz.org\/web\/wp-json\/wp\/v2\/comments?post=5906"}],"version-history":[{"count":3,"href":"https:\/\/www.medskvz.org\/web\/wp-json\/wp\/v2\/posts\/5906\/revisions"}],"predecessor-version":[{"id":6838,"href":"https:\/\/www.medskvz.org\/web\/wp-json\/wp\/v2\/posts\/5906\/revisions\/6838"}],"wp:attachment":[{"href":"https:\/\/www.medskvz.org\/web\/wp-json\/wp\/v2\/media?parent=5906"}],"wp:term":[{"taxonomy":"category","embeddable":true,"href":"https:\/\/www.medskvz.org\/web\/wp-json\/wp\/v2\/categories?post=5906"},{"taxonomy":"post_tag","embeddable":true,"href":"https:\/\/www.medskvz.org\/web\/wp-json\/wp\/v2\/tags?post=5906"}],"curies":[{"name":"wp","href":"https:\/\/api.w.org\/{rel}","templated":true}]}}