{"id":5517,"date":"2015-12-17T19:24:47","date_gmt":"2015-12-17T17:24:47","guid":{"rendered":"http:\/\/www.medskvz.org\/web\/?p=5517"},"modified":"2015-12-17T19:24:47","modified_gmt":"2015-12-17T17:24:47","slug":"posjet-dnevnom-boravku-za-djecu-sa-cerebralnom-paralizom-dr-antun-bogdan-u-cakovcu","status":"publish","type":"post","link":"https:\/\/www.medskvz.org\/web\/2015\/12\/posjet-dnevnom-boravku-za-djecu-sa-cerebralnom-paralizom-dr-antun-bogdan-u-cakovcu\/","title":{"rendered":"Posjet dnevnom boravku za djecu sa cerebralnom paralizom &#8220;dr. Antun Bogdan&#8221; u \u010cakovcu"},"content":{"rendered":"<p>U\u010denici Medicinske &scaron;kole Vara\u017edin zajedno su s profesoricom Nata&scaron;om Vukovi\u0107 i nastavnicom Martinom \u0110un\u0111ek posjetili dnevni boravak &quot;Dr. Antun Bogdan&quot; u \u010cakovcu 8. prosinca 2015. godine. Dom je namijenjen osobama s najte\u017eim oblicima cerebralne paralize i vi&scaron;estrukim o&scaron;te\u0107enjima.<\/p>\n<p>Ulaskom u Dom do\u010dekala su nas nasmije&scaron;ena lica djece. Iako neki imaju vi&scaron;e od 30 godina, jo&scaron; ih uvijek zbog njihove bolesti smatramo djecom pa se i tako moramo pona&scaron;ati prema njima.&nbsp; Svakomu od njih podijelili smo poklone i nakon poticajnih rije\u010di djelatnika uputili smo se u razgledavanje Doma. Saznali smo da ima 15 \u010dlanova i&nbsp; mnogo vanjskih suradnika, od logopeda pa do ortodonata te da imaju posebnu kupaonicu prilago\u0111enu samo njima. Isprobali smo kutak za odmor s krevetom za opu&scaron;tanje mi&scaron;i\u0107a i loptama za pilates&hellip; Da &scaron;to vi&scaron;e olak&scaron;aju roditeljima, Dom je dobio prijevozno sredstvo prilago\u0111eno djeci da ih doveze u njihov boravak i isto tako da ih odveze natrag ku\u0107i. Nakon obilaska vratili smo se djeci&nbsp; te ih razveseljavali pjevanjem i razgovorom.<\/p>\n<p>Za nas medicinare i budu\u0107e zdravstvene djelatnike ovo je bilo jedno predivno iskustvo i voljela bih da imamo vi&scaron;e takvih posjeta. Smatramo da je to plemenito i nesebi\u010dno iskustvo te da bi svatko mogao izdvojiti svoje vrijeme i njima uljep&scaron;ati dan. Vjerujem da \u0107emo se opet vratiti i ugledati ta nasmije&scaron;ena lica.<\/p>\n<p><em>Karla Saboli\u0107, 4c<\/em><\/p>\n<p>[inpost_fancy thumb_width=&#8221;200&#8243; thumb_height=&#8221;200&#8243; post_id=&#8221;5517&#8243; thumb_margin_left=&#8221;5&#8243; thumb_margin_bottom=&#8221;5&#8243; thumb_border_radius=&#8221;10&#8243; thumb_shadow=&#8221;0 1px 4px rgba(0, 0, 0, 0.2)&#8221; id=&#8221;&#8221; random=&#8221;0&#8243; group=&#8221;0&#8243; border=&#8221;&#8221; show_in_popup=&#8221;0&#8243; album_cover=&#8221;&#8221; album_cover_width=&#8221;200&#8243; album_cover_height=&#8221;200&#8243; popup_width=&#8221;800&#8243; popup_max_height=&#8221;600&#8243; popup_title=&#8221;Gallery&#8221; type=&#8221;fancy&#8221;][\/inpost_fancy]<\/p>\n","protected":false},"excerpt":{"rendered":"<div class=\"slide-text-bg2\"><span>U\u010denici Medicinske &scaron;kole Vara\u017edin zajedno su s profesoricom Nata&scaron;om Vukovi\u0107 i nastavnicom Martinom \u0110un\u0111ek posjetili dnevni boravak &#038;quot<\/span><\/div>\n<div class=\"slide-btn-area-sm\"><a href=\"https:\/\/www.medskvz.org\/web\/2015\/12\/posjet-dnevnom-boravku-za-djecu-sa-cerebralnom-paralizom-dr-antun-bogdan-u-cakovcu\/\" class=\"slide-btn-sm\">Pro\u010ditaj vi\u0161e<\/a><\/div>\n","protected":false},"author":12,"featured_media":0,"comment_status":"closed","ping_status":"open","sticky":false,"template":"","format":"standard","meta":[],"categories":[1],"tags":[],"_links":{"self":[{"href":"https:\/\/www.medskvz.org\/web\/wp-json\/wp\/v2\/posts\/5517"}],"collection":[{"href":"https:\/\/www.medskvz.org\/web\/wp-json\/wp\/v2\/posts"}],"about":[{"href":"https:\/\/www.medskvz.org\/web\/wp-json\/wp\/v2\/types\/post"}],"author":[{"embeddable":true,"href":"https:\/\/www.medskvz.org\/web\/wp-json\/wp\/v2\/users\/12"}],"replies":[{"embeddable":true,"href":"https:\/\/www.medskvz.org\/web\/wp-json\/wp\/v2\/comments?post=5517"}],"version-history":[{"count":35,"href":"https:\/\/www.medskvz.org\/web\/wp-json\/wp\/v2\/posts\/5517\/revisions"}],"predecessor-version":[{"id":5631,"href":"https:\/\/www.medskvz.org\/web\/wp-json\/wp\/v2\/posts\/5517\/revisions\/5631"}],"wp:attachment":[{"href":"https:\/\/www.medskvz.org\/web\/wp-json\/wp\/v2\/media?parent=5517"}],"wp:term":[{"taxonomy":"category","embeddable":true,"href":"https:\/\/www.medskvz.org\/web\/wp-json\/wp\/v2\/categories?post=5517"},{"taxonomy":"post_tag","embeddable":true,"href":"https:\/\/www.medskvz.org\/web\/wp-json\/wp\/v2\/tags?post=5517"}],"curies":[{"name":"wp","href":"https:\/\/api.w.org\/{rel}","templated":true}]}}