{"id":5481,"date":"2015-12-09T11:05:41","date_gmt":"2015-12-09T09:05:41","guid":{"rendered":"http:\/\/www.medskvz.org\/web\/?p=5481"},"modified":"2015-12-12T12:29:24","modified_gmt":"2015-12-12T10:29:24","slug":"obiljezavanje-medunarodnog-dana-osoba-s-invaliditetom","status":"publish","type":"post","link":"https:\/\/www.medskvz.org\/web\/2015\/12\/obiljezavanje-medunarodnog-dana-osoba-s-invaliditetom\/","title":{"rendered":"Obilje\u017eavanje Me\u0111unarodnog dana osoba s invaliditetom"},"content":{"rendered":"<p>U\u010denici prvih i drugih razreda Medicinske &scaron;kole Vara\u017edin sudjelovali su u obilje\u017eavanju Me\u0111unarodnog dana osoba s invaliditetom 3. prosinca 2015. godine u \u017dupanijskoj pala\u010di.<\/p>\n<p>Zajedno s profesoricom Nata&scaron;om Vukovi\u0107 prisustvovali su predstavljanju udruga Sunce iz Ludbrega, Novog Marofa i Ivanca, a o njihovu radu, vrstama pote&scaron;ko\u0107a i bolestima njihovih \u010dlanova, njihovu najmla\u0111em \u010dlanu i mno&scaron;tvu drugih zanimljivih podataka govorila je predsjednica&nbsp; Ru\u017ea Zlatar, predstavnica Ludbre&scaron;kog sunca. Predstavnice ostalih udruga ukratko su istaknule osobitosti svojih udruga.&nbsp; Svaka od udruga do&scaron;la je s nekoliko djece koja su nam recitirala pjesmice te su nam tako za\u017eeljela sretan Bo\u017ei\u0107 i novu godinu. Vara\u017edinski&nbsp; do\u017eupan Alen Ki&scaron;i\u0107 svakoj je udruzi donirao&nbsp; simboli\u010dnu nov\u010danu pomo\u0107&nbsp; kako bi pomogao u njihovu daljnjem napredovanju, a &scaron;ti\u0107enici udruga&nbsp; dobili su prigodne&nbsp; poklone za sv. Nikolu.<\/p>\n<p>Susret pun osje\u0107aja zavr&scaron;io je prekrasnim domjenkom i razmjenom novih iskustava.<\/p>\n<p><em>Kristina Pranji\u0107, 2. b<\/em><\/p>\n<table align=\"right\" border=\"0\" cellpadding=\"5\" cellspacing=\"5\" style=\"height:500px;width:500px;\">\n<tbody>\n<tr>\n<td style=\"text-align: center;\"><a href=\"http:\/\/www.medskvz.org\/web\/wp-content\/uploads\/2015\/12\/P1010027-Large1.jpg\"><img loading=\"lazy\" alt=\"P1010027 (Large)\" class=\"alignleft size-thumbnail wp-image-5505 colorbox-5481\" height=\"150\" src=\"http:\/\/www.medskvz.org\/web\/wp-content\/uploads\/2015\/12\/P1010027-Large1-150x150.jpg\" width=\"150\" \/><\/a><\/td>\n<td style=\"text-align: center;\"><a href=\"http:\/\/www.medskvz.org\/web\/wp-content\/uploads\/2015\/12\/P1010030-Large1.jpg\"><img loading=\"lazy\" alt=\"P1010030 (Large)\" class=\"alignleft size-thumbnail wp-image-5506 colorbox-5481\" height=\"150\" src=\"http:\/\/www.medskvz.org\/web\/wp-content\/uploads\/2015\/12\/P1010030-Large1-150x150.jpg\" width=\"150\" \/><\/a><\/td>\n<td style=\"text-align: center;\"><a href=\"http:\/\/www.medskvz.org\/web\/wp-content\/uploads\/2015\/12\/P1010034-Large1.jpg\"><img loading=\"lazy\" alt=\"P1010034 (Large)\" class=\"alignleft size-thumbnail wp-image-5507 colorbox-5481\" height=\"150\" src=\"http:\/\/www.medskvz.org\/web\/wp-content\/uploads\/2015\/12\/P1010034-Large1-150x150.jpg\" width=\"150\" \/><\/a><\/td>\n<\/tr>\n<tr>\n<td style=\"text-align: center;\"><a href=\"http:\/\/www.medskvz.org\/web\/wp-content\/uploads\/2015\/12\/P1010055-Large1.jpg\"><img loading=\"lazy\" alt=\"P1010055 (Large)\" class=\"alignleft size-thumbnail wp-image-5508 colorbox-5481\" height=\"150\" src=\"http:\/\/www.medskvz.org\/web\/wp-content\/uploads\/2015\/12\/P1010055-Large1-150x150.jpg\" width=\"150\" \/><\/a><\/td>\n<td style=\"text-align: center;\"><a href=\"http:\/\/www.medskvz.org\/web\/wp-content\/uploads\/2015\/12\/P1010056-Large1.jpg\"><img loading=\"lazy\" alt=\"P1010056 (Large)\" class=\"alignleft size-thumbnail wp-image-5509 colorbox-5481\" height=\"150\" src=\"http:\/\/www.medskvz.org\/web\/wp-content\/uploads\/2015\/12\/P1010056-Large1-150x150.jpg\" width=\"150\" \/><\/a><\/td>\n<td style=\"text-align: center;\"><a href=\"http:\/\/www.medskvz.org\/web\/wp-content\/uploads\/2015\/12\/P1010057-Large1.jpg\"><img loading=\"lazy\" alt=\"P1010057 (Large)\" class=\"alignleft size-thumbnail wp-image-5510 colorbox-5481\" height=\"150\" src=\"http:\/\/www.medskvz.org\/web\/wp-content\/uploads\/2015\/12\/P1010057-Large1-150x150.jpg\" width=\"150\" \/><\/a><\/td>\n<\/tr>\n<tr>\n<td style=\"text-align: center;\"><a href=\"http:\/\/www.medskvz.org\/web\/wp-content\/uploads\/2015\/12\/P1010070-Large1.jpg\"><img loading=\"lazy\" alt=\"P1010070 (Large)\" class=\"alignleft size-thumbnail wp-image-5512 colorbox-5481\" height=\"150\" src=\"http:\/\/www.medskvz.org\/web\/wp-content\/uploads\/2015\/12\/P1010070-Large1-150x150.jpg\" width=\"150\" \/><\/a><\/td>\n<td><a href=\"http:\/\/www.medskvz.org\/web\/wp-content\/uploads\/2015\/12\/P1010072-Large1.jpg\"><img loading=\"lazy\" alt=\"P1010072 (Large)\" class=\"alignleft size-thumbnail wp-image-5513 colorbox-5481\" height=\"150\" src=\"http:\/\/www.medskvz.org\/web\/wp-content\/uploads\/2015\/12\/P1010072-Large1-150x150.jpg\" width=\"150\" \/><\/a><\/td>\n<td><a href=\"http:\/\/www.medskvz.org\/web\/wp-content\/uploads\/2015\/12\/P1010085-Large1.jpg\"><img loading=\"lazy\" alt=\"P1010085 (Large)\" class=\"alignleft size-thumbnail wp-image-5514 colorbox-5481\" height=\"150\" src=\"http:\/\/www.medskvz.org\/web\/wp-content\/uploads\/2015\/12\/P1010085-Large1-150x150.jpg\" width=\"150\" \/><\/a><\/td>\n<\/tr>\n<\/tbody>\n<\/table>\n<p>&nbsp;<\/p>\n","protected":false},"excerpt":{"rendered":"<div class=\"slide-text-bg2\"><span>U\u010denici prvih i drugih razreda Medicinske &scaron;kole Vara\u017edin sudjelovali su u obilje\u017eavanju Me\u0111unarodnog dana osoba s invaliditetom 3. prosinca 2015<\/span><\/div>\n<div class=\"slide-btn-area-sm\"><a href=\"https:\/\/www.medskvz.org\/web\/2015\/12\/obiljezavanje-medunarodnog-dana-osoba-s-invaliditetom\/\" class=\"slide-btn-sm\">Pro\u010ditaj vi\u0161e<\/a><\/div>\n","protected":false},"author":12,"featured_media":4988,"comment_status":"closed","ping_status":"open","sticky":false,"template":"","format":"standard","meta":[],"categories":[1],"tags":[],"_links":{"self":[{"href":"https:\/\/www.medskvz.org\/web\/wp-json\/wp\/v2\/posts\/5481"}],"collection":[{"href":"https:\/\/www.medskvz.org\/web\/wp-json\/wp\/v2\/posts"}],"about":[{"href":"https:\/\/www.medskvz.org\/web\/wp-json\/wp\/v2\/types\/post"}],"author":[{"embeddable":true,"href":"https:\/\/www.medskvz.org\/web\/wp-json\/wp\/v2\/users\/12"}],"replies":[{"embeddable":true,"href":"https:\/\/www.medskvz.org\/web\/wp-json\/wp\/v2\/comments?post=5481"}],"version-history":[{"count":5,"href":"https:\/\/www.medskvz.org\/web\/wp-json\/wp\/v2\/posts\/5481\/revisions"}],"predecessor-version":[{"id":5495,"href":"https:\/\/www.medskvz.org\/web\/wp-json\/wp\/v2\/posts\/5481\/revisions\/5495"}],"wp:featuredmedia":[{"embeddable":true,"href":"https:\/\/www.medskvz.org\/web\/wp-json\/wp\/v2\/media\/4988"}],"wp:attachment":[{"href":"https:\/\/www.medskvz.org\/web\/wp-json\/wp\/v2\/media?parent=5481"}],"wp:term":[{"taxonomy":"category","embeddable":true,"href":"https:\/\/www.medskvz.org\/web\/wp-json\/wp\/v2\/categories?post=5481"},{"taxonomy":"post_tag","embeddable":true,"href":"https:\/\/www.medskvz.org\/web\/wp-json\/wp\/v2\/tags?post=5481"}],"curies":[{"name":"wp","href":"https:\/\/api.w.org\/{rel}","templated":true}]}}