{"id":5474,"date":"2015-12-09T10:59:52","date_gmt":"2015-12-09T08:59:52","guid":{"rendered":"http:\/\/www.medskvz.org\/web\/?p=5474"},"modified":"2015-12-09T11:00:51","modified_gmt":"2015-12-09T09:00:51","slug":"medunarodni-dan-osoba-s-invaliditetom","status":"publish","type":"post","link":"https:\/\/www.medskvz.org\/web\/2015\/12\/medunarodni-dan-osoba-s-invaliditetom\/","title":{"rendered":"Me\u0111unarodni dan osoba s invaliditetom obilje\u017een u na\u0161oj \u0161koli"},"content":{"rendered":"<p>Me\u0111unarodni dan osoba s invaliditetom obilje\u017eio se tradicionalno i u Medicinskoj &scaron;koli Vara\u017edin 3. prosinca 2015. godine, s ciljem da se u\u010denici senzibiliziraju da bez zadr&scaron;ke prihva\u0107aju razli\u010ditosti svih osoba.<\/p>\n<p>U posjet &scaron;koli &nbsp;do&scaron;li su predstavnici Dru&scaron;tva distrofi\u010dara, invalida cerebralne i dje\u010dje paralize i ostalih tjelesnih invalida Grada Vara\u017edina te \u010dlan Udruge DDICDP-a Matija Luka\u010di\u0107 Matek. Predstavnica Udruge Renata Poceduli\u0107 ukratko je objasnila djelovanje te Udruge, a Matija je u\u010denicima i nastavnicima Medicinske &scaron;kole iskreno ispri\u010dao kako on shva\u0107a i do\u017eivljava svoju invalidnost. Tako\u0111er je napomenuo da puno ljudi ima povr&scaron;no mi&scaron;ljene o osobama s invaliditetom, odnosno da smatraju da ljudi s raznim pote&scaron;ko\u0107ama nisu dovoljno sposobni za \u017eivot i da o njemu ne znaju mnogo. Bitno je da mi ne stvaramo takve predrasude jer smo svi razli\u010diti i svatko zaslu\u017euje da ga se cijeni i po&scaron;tuje. Svoje veliko srce pokazale su i u\u010denice Ivona Taradi, Ivana Skuzin i Ivana Mavrek, volonterke u Udruzi, koje su sa svima podijelile svoje nesebi\u010dno iskustvo davanja koje oplemenjuje i njihove prijatelje u kolicima, ali i njih same. Uostalom, u Udruzi se ne svodi sve samo na rad, tu su i razne igre, izleti, natjecanja koja osobama s invaliditetom daju dodatnu snagu i poticaj za \u017eivot.<\/p>\n<p>Emocije koje su izvirale tijekom ovoga susreta bile su prekrasne. Na kraju je jo&scaron; ostalo vremena i za pitanja, no najljep&scaron;i dio bio je ipak osmijeh na Matkovu licu. Ne ka\u017ee se uzalud da je osmjeh \u010dovjekovo najja\u010de oru\u017eje. Ponosni smo &scaron;to se nakon ovoga susreta desetak na&scaron;ih u\u010denika odlu\u010dilo pridru\u017eiti volonterima u Udruzi i svojom pomo\u0107i obogatiti \u017eivot onima kojima je to najpotrebnije.<\/p>\n<p><em>Martin Petri\u0107 i Bla\u017eenka Grguri\u0107, 2. b<\/em><\/p>\n","protected":false},"excerpt":{"rendered":"<div class=\"slide-text-bg2\"><span>Me\u0111unarodni dan osoba s invaliditetom obilje\u017eio se tradicionalno i u Medicinskoj &scaron;koli Vara\u017edin 3. prosinca 2015. godine, s ciljem da se u\u010denici<\/span><\/div>\n<div class=\"slide-btn-area-sm\"><a href=\"https:\/\/www.medskvz.org\/web\/2015\/12\/medunarodni-dan-osoba-s-invaliditetom\/\" class=\"slide-btn-sm\">Pro\u010ditaj vi\u0161e<\/a><\/div>\n","protected":false},"author":12,"featured_media":0,"comment_status":"closed","ping_status":"open","sticky":false,"template":"","format":"standard","meta":[],"categories":[1],"tags":[],"_links":{"self":[{"href":"https:\/\/www.medskvz.org\/web\/wp-json\/wp\/v2\/posts\/5474"}],"collection":[{"href":"https:\/\/www.medskvz.org\/web\/wp-json\/wp\/v2\/posts"}],"about":[{"href":"https:\/\/www.medskvz.org\/web\/wp-json\/wp\/v2\/types\/post"}],"author":[{"embeddable":true,"href":"https:\/\/www.medskvz.org\/web\/wp-json\/wp\/v2\/users\/12"}],"replies":[{"embeddable":true,"href":"https:\/\/www.medskvz.org\/web\/wp-json\/wp\/v2\/comments?post=5474"}],"version-history":[{"count":5,"href":"https:\/\/www.medskvz.org\/web\/wp-json\/wp\/v2\/posts\/5474\/revisions"}],"predecessor-version":[{"id":5480,"href":"https:\/\/www.medskvz.org\/web\/wp-json\/wp\/v2\/posts\/5474\/revisions\/5480"}],"wp:attachment":[{"href":"https:\/\/www.medskvz.org\/web\/wp-json\/wp\/v2\/media?parent=5474"}],"wp:term":[{"taxonomy":"category","embeddable":true,"href":"https:\/\/www.medskvz.org\/web\/wp-json\/wp\/v2\/categories?post=5474"},{"taxonomy":"post_tag","embeddable":true,"href":"https:\/\/www.medskvz.org\/web\/wp-json\/wp\/v2\/tags?post=5474"}],"curies":[{"name":"wp","href":"https:\/\/api.w.org\/{rel}","templated":true}]}}