{"id":4718,"date":"2015-04-09T18:53:06","date_gmt":"2015-04-09T16:53:06","guid":{"rendered":"http:\/\/www.medskvz.org\/web\/?p=4718"},"modified":"2015-04-09T18:53:06","modified_gmt":"2015-04-09T16:53:06","slug":"eu-projekt-snagom-znanja-da-ralika-bude-manja","status":"publish","type":"post","link":"https:\/\/www.medskvz.org\/web\/2015\/04\/eu-projekt-snagom-znanja-da-ralika-bude-manja\/","title":{"rendered":"EU projekt &#8211; Snagom znanja da ralika bude manja"},"content":{"rendered":"<p>Na&scaron;i u\u010denici i nastavnici i ove godine aktivno \u0107e se uklju\u010diti novom europskom projektu, \u010diji je nositelj Udruga slijepih Vara\u017edinske \u017eupanije.<\/p>\n<p>28. sije\u010dnja 2014. odr\u017eana je po\u010detna konferencija za javnost.<\/p>\n<p><a href=\"http:\/\/www.medskvz.org\/web\/wp-content\/uploads\/2015\/04\/Uvodna-konferencija-28.1.15-06.jpg\"><img loading=\"lazy\" alt=\"Uvodna-konferencija-28.1.15-06\" class=\"alignnone size-medium wp-image-4719 colorbox-4718\" height=\"200\" src=\"http:\/\/www.medskvz.org\/web\/wp-content\/uploads\/2015\/04\/Uvodna-konferencija-28.1.15-06-300x200.jpg\" width=\"300\" srcset=\"https:\/\/www.medskvz.org\/web\/wp-content\/uploads\/2015\/04\/Uvodna-konferencija-28.1.15-06-300x200.jpg 300w, https:\/\/www.medskvz.org\/web\/wp-content\/uploads\/2015\/04\/Uvodna-konferencija-28.1.15-06.jpg 900w\" sizes=\"(max-width: 300px) 100vw, 300px\" \/><\/a><\/p>\n<p>Detalje o projektu i aktivnostima koje \u0107e se provoditi mo\u017eete pratiti na sljede\u0107im stranicama:<\/p>\n<p><a href=\"http:\/\/usvz.hr\/projekt-snagom-znanja-da-razlika-bude-manja\/\" target=\"_blank\" rel=\"noopener\">Udruga slijepih Vara\u017edinske \u017eupanije &#8211; Projekt &quot;Snagom znanja, da razlika bude manja&quot;<\/a><\/p>\n<p><a href=\"http:\/\/www.medskvz.org\/web\/eu-projekti-2\/snagom-znanja-da-razlika-bude-manja\/\">Medicinska &scaron;kola vara\u017edin- EU projekti<\/a><\/p>\n<p>&nbsp;<\/p>\n<p>Ksenija Janju&scaron;evi\u0107, voditeljica projekta<\/p>\n","protected":false},"excerpt":{"rendered":"<div class=\"slide-text-bg2\"><span>Na&scaron;i u\u010denici i nastavnici i ove godine aktivno \u0107e se uklju\u010diti novom europskom projektu, \u010diji je nositelj Udruga slijepih Vara\u017edinske \u017eupanije<\/span><\/div>\n<div class=\"slide-btn-area-sm\"><a href=\"https:\/\/www.medskvz.org\/web\/2015\/04\/eu-projekt-snagom-znanja-da-ralika-bude-manja\/\" class=\"slide-btn-sm\">Pro\u010ditaj vi\u0161e<\/a><\/div>\n","protected":false},"author":12,"featured_media":0,"comment_status":"closed","ping_status":"open","sticky":false,"template":"","format":"standard","meta":[],"categories":[1],"tags":[],"_links":{"self":[{"href":"https:\/\/www.medskvz.org\/web\/wp-json\/wp\/v2\/posts\/4718"}],"collection":[{"href":"https:\/\/www.medskvz.org\/web\/wp-json\/wp\/v2\/posts"}],"about":[{"href":"https:\/\/www.medskvz.org\/web\/wp-json\/wp\/v2\/types\/post"}],"author":[{"embeddable":true,"href":"https:\/\/www.medskvz.org\/web\/wp-json\/wp\/v2\/users\/12"}],"replies":[{"embeddable":true,"href":"https:\/\/www.medskvz.org\/web\/wp-json\/wp\/v2\/comments?post=4718"}],"version-history":[{"count":2,"href":"https:\/\/www.medskvz.org\/web\/wp-json\/wp\/v2\/posts\/4718\/revisions"}],"predecessor-version":[{"id":4721,"href":"https:\/\/www.medskvz.org\/web\/wp-json\/wp\/v2\/posts\/4718\/revisions\/4721"}],"wp:attachment":[{"href":"https:\/\/www.medskvz.org\/web\/wp-json\/wp\/v2\/media?parent=4718"}],"wp:term":[{"taxonomy":"category","embeddable":true,"href":"https:\/\/www.medskvz.org\/web\/wp-json\/wp\/v2\/categories?post=4718"},{"taxonomy":"post_tag","embeddable":true,"href":"https:\/\/www.medskvz.org\/web\/wp-json\/wp\/v2\/tags?post=4718"}],"curies":[{"name":"wp","href":"https:\/\/api.w.org\/{rel}","templated":true}]}}