{"id":3851,"date":"2014-06-04T11:12:37","date_gmt":"2014-06-04T09:12:37","guid":{"rendered":"http:\/\/www.medskvz.org\/web\/?p=3851"},"modified":"2014-06-04T15:01:58","modified_gmt":"2014-06-04T13:01:58","slug":"dan-otvorenih-vrata-sign-2-me","status":"publish","type":"post","link":"https:\/\/www.medskvz.org\/web\/2014\/06\/dan-otvorenih-vrata-sign-2-me\/","title":{"rendered":"Dan otvorenih vrata-Sign 2 me"},"content":{"rendered":"<p>Dragi u\u010denici,<\/p>\n<p>obavje&scaron;tavamo vas da \u0107e se 06.06 u petak od 10:00-12:00h u na&scaron;oj &scaron;koli odr\u017eavati dani otvorenih vrata u sklopu projekta SIGN 2 ME. Projektne aktivnosti biti \u0107e predstavljene u obliku predavanja i radionica. Teme su vrlo zanimljive i edukativne, kao npr. kako voditi slijepu osobu, osnove Brajevog pisma, kori&scaron;tenje JAWS programa za slijepe, rad s elektorni\u010dkim pove\u0107alom, osnove znakovnog jezika, \u010demu slu\u017ei i kako se koristi indukcijska petlja, i jo&scaron; mnogo toga. Raspored odr\u017eavanja predavanja i radionica biti \u0107e objavljen na webu &scaron;kole i na vratima &scaron;kole. Tako\u0111er, u isto vrijeme \u0107e se odr\u017eati i edukativna radionica u centru grada na Franjeva\u010dkom trgu u Vara\u017edinu, na temu: Senzibilizacija javnosti &nbsp;za &nbsp;razvojne i obrazovnepote&scaron;ko\u0107e osoba s o&scaron;te\u0107enjem vida i\/ili sluha.<\/p>\n<p>Dragi budu\u0107i zdravstveni djelatnici, nadamo se da \u0107ete prepoznati va\u017enost senzibilizacije za probleme, potrebe i mogu\u0107nosti osoba s o&scaron;te\u0107enjima vida i\/ili sluha te se okupiti u &scaron;to ve\u0107em broju.<\/p>\n<p><a href=\"http:\/\/www.medskvz.org\/web\/wp-content\/uploads\/2014\/06\/Hodogram.docx\">Ovdje mo\u017eete preuzeti i hodogram.<\/a><\/p>\n<p>&nbsp;<\/p>\n","protected":false},"excerpt":{"rendered":"<div class=\"slide-text-bg2\"><span>Dragi u\u010denici, obavje&scaron;tavamo vas da \u0107e se 06.06 u petak od 10:00-12:00h u na&scaron;oj &scaron;koli odr\u017eavati dani otvorenih vrata u sklopu proje<\/span><\/div>\n<div class=\"slide-btn-area-sm\"><a href=\"https:\/\/www.medskvz.org\/web\/2014\/06\/dan-otvorenih-vrata-sign-2-me\/\" class=\"slide-btn-sm\">Pro\u010ditaj vi\u0161e<\/a><\/div>\n","protected":false},"author":12,"featured_media":3857,"comment_status":"closed","ping_status":"open","sticky":false,"template":"","format":"standard","meta":[],"categories":[1],"tags":[],"_links":{"self":[{"href":"https:\/\/www.medskvz.org\/web\/wp-json\/wp\/v2\/posts\/3851"}],"collection":[{"href":"https:\/\/www.medskvz.org\/web\/wp-json\/wp\/v2\/posts"}],"about":[{"href":"https:\/\/www.medskvz.org\/web\/wp-json\/wp\/v2\/types\/post"}],"author":[{"embeddable":true,"href":"https:\/\/www.medskvz.org\/web\/wp-json\/wp\/v2\/users\/12"}],"replies":[{"embeddable":true,"href":"https:\/\/www.medskvz.org\/web\/wp-json\/wp\/v2\/comments?post=3851"}],"version-history":[{"count":4,"href":"https:\/\/www.medskvz.org\/web\/wp-json\/wp\/v2\/posts\/3851\/revisions"}],"predecessor-version":[{"id":3854,"href":"https:\/\/www.medskvz.org\/web\/wp-json\/wp\/v2\/posts\/3851\/revisions\/3854"}],"wp:featuredmedia":[{"embeddable":true,"href":"https:\/\/www.medskvz.org\/web\/wp-json\/wp\/v2\/media\/3857"}],"wp:attachment":[{"href":"https:\/\/www.medskvz.org\/web\/wp-json\/wp\/v2\/media?parent=3851"}],"wp:term":[{"taxonomy":"category","embeddable":true,"href":"https:\/\/www.medskvz.org\/web\/wp-json\/wp\/v2\/categories?post=3851"},{"taxonomy":"post_tag","embeddable":true,"href":"https:\/\/www.medskvz.org\/web\/wp-json\/wp\/v2\/tags?post=3851"}],"curies":[{"name":"wp","href":"https:\/\/api.w.org\/{rel}","templated":true}]}}