{"id":3796,"date":"2014-05-20T09:05:38","date_gmt":"2014-05-20T07:05:38","guid":{"rendered":"http:\/\/www.medskvz.org\/web\/?p=3796"},"modified":"2014-05-20T09:13:26","modified_gmt":"2014-05-20T07:13:26","slug":"studijsko-putovanje-u-njemacku","status":"publish","type":"post","link":"https:\/\/www.medskvz.org\/web\/2014\/05\/studijsko-putovanje-u-njemacku\/","title":{"rendered":"Studijsko putovanje u Njema\u010dku"},"content":{"rendered":"<p>Na&scaron;a &scaron;kola ove je godine postala partner Gospodarskoj &scaron;koli Vara\u017edin u provedbi projekta &bdquo;Sign 2 me&ldquo; zajedno sa Srednjom &scaron;kolom Matije Antuna Reljkovi\u0107a iz Slavonskog Broda. Zada\u0107a projekta jest istra\u017eiti mogu\u0107nosti integracije skupina u nepovoljnome polo\u017eaju u redoviti obrazovni sustav. Sve tri &scaron;kole zajedno smo realizirale jednu etapu projekta u Njema\u010dkoj u trajanju od &scaron;est dana.<\/p>\n<p><a href=\"http:\/\/www.medskvz.org\/web\/wp-content\/uploads\/2014\/05\/2014-05-05-10.33.12.jpg\"><img loading=\"lazy\" alt=\"SAMSUNG\" class=\"alignnone size-medium wp-image-3797 colorbox-3796\" height=\"225\" src=\"http:\/\/www.medskvz.org\/web\/wp-content\/uploads\/2014\/05\/2014-05-05-10.33.12-300x225.jpg\" style=\"float: left;\" width=\"300\" srcset=\"https:\/\/www.medskvz.org\/web\/wp-content\/uploads\/2014\/05\/2014-05-05-10.33.12-300x225.jpg 300w, https:\/\/www.medskvz.org\/web\/wp-content\/uploads\/2014\/05\/2014-05-05-10.33.12-1024x768.jpg 1024w\" sizes=\"(max-width: 300px) 100vw, 300px\" \/><\/a><\/p>\n<p>&nbsp; &nbsp; &nbsp;&nbsp;<a href=\"http:\/\/www.medskvz.org\/web\/wp-content\/uploads\/2014\/05\/IMG_3287.jpg\"><img loading=\"lazy\" alt=\"IMG_3287\" class=\"alignnone size-medium wp-image-3798 colorbox-3796\" height=\"200\" src=\"http:\/\/www.medskvz.org\/web\/wp-content\/uploads\/2014\/05\/IMG_3287-300x200.jpg\" width=\"300\" srcset=\"https:\/\/www.medskvz.org\/web\/wp-content\/uploads\/2014\/05\/IMG_3287-300x200.jpg 300w, https:\/\/www.medskvz.org\/web\/wp-content\/uploads\/2014\/05\/IMG_3287-1024x682.jpg 1024w\" sizes=\"(max-width: 300px) 100vw, 300px\" \/><\/a><\/p>\n<p>&nbsp;<\/p>\n<p>&nbsp;<\/p>\n<p><!--more--><\/p>\n<p><span style=\"line-height: 1.6em;\">Rano ujutro, 5. svibnja 2014. godine,do\u010dekali smo u\u010denike i njihove profesore iz Slavonskog Broda te krenuli na duga\u010dak put prema Njema\u010dkoj. Na&scaron;e u\u010denice Vesna Jal&scaron;ovec, Monika Liber, Marta Kopjar, Mateja Plantak i Lucija Danilovi\u0107 bile su u pratnji profesorica Ksenije Janju&scaron;evi\u0107, Nata&scaron;e Vukovi\u0107, Sun\u010dice Podore&scaron;ki, Valerije Ruklji\u0107, profesora Ivana Rogine te ravnateljice Mirjane Grabar Kruljac. Nakon duge vo\u017enje beskona\u010dnim autocestama kroz prekrasne Alpe napokon smo stigli do Stuttgarta. Smjestiv&scaron;i se u hotelu &bdquo;Mercure&ldquo;, odmorili smo se kako bismo sljede\u0107i dan mogli posjetiti najstariju &scaron;kolu &bdquo;Schloss-Schule Ilvesheim&ldquo; u pokrajini Baden-W&uuml;rttembergu. Povijest ove &scaron;kole zapo\u010dela 1864. godine kada je &scaron;kolu poha\u0111ao samo jedan u\u010denik, dokje danas u ovoj &scaron;koli 150 u\u010denika koji su slijepi,slabovidni ili se bore s mentalnom retardacijom. Nastava se odvija u 13 razli\u010ditih zgrada koje obuhva\u0107aju vrti\u0107ku dob, pred&scaron;kolu,osnovnu &scaron;kolu te srednju &scaron;kolu. Nastavnici i profesori ove &scaron;kole nastoje pru\u017eiti podr&scaron;ku roditeljima i djeci,i to ne samo tijekom obrazovanja nego odmah pri ro\u0111enju. Djeci koja ne mogu dolaziti na nastavu zbog velike udaljenosti ili su sprije\u010dena na neki drugi na\u010din,nastavnici dolaze u njihove &scaron;kole kako bi s njima radili. Zajedno smo razgledali njihovu &scaron;kolu i vidjeli kako se njihovi u\u010denici obrazuju. Po povratku iz &scaron;kole posjetili smo grad Heidelberg koji nas je odu&scaron;evio svojom iznimnom ljepotom.<\/span><\/p>\n<p>Sljede\u0107i dan,nakon doru\u010dka,zauzeli smo svoja mjesta u autobusu i vozili se do Centra za slijepe i slabovidne osobe &bdquo;Nikolauspflege&ldquo;. Tamo smo se podijelili u dvije skupine: u\u010denici i profesori. Mi u\u010denici bili smo smje&scaron;teni u jednoj od njihovih moderno opremljenih u\u010dionica gdje smo se predstavili te potom i dru\u017eili sa slijepim i slabovidnim u\u010denicima. Razgovarali smo s njima o njihovu &scaron;kolovanju,anegdotama iz \u017eivota, a pokazali su nam kako rade na svojim ra\u010dunalima te smo poku&scaron;ali hodati pomo\u0107u &scaron;tapa za slijepe osobe. Moramo priznati da su u\u010denici bili vrlo ljubazni i komunikativni. Do\u010dekali su nas s osmjehom na licu i postavljali mnoga pitanja o Lijepoj Na&scaron;oj i na&scaron;em sistemu &scaron;kolovanja. Naravno,nakon dru\u017eenja koje je zavr&scaron;ilo oko 14 sati,krenuli smo u razgledavanje Stuttgarta i u\u017eivanje u \u010detverosatnom &scaron;opingiranju.<\/p>\n<p><a href=\"http:\/\/www.medskvz.org\/web\/wp-content\/uploads\/2014\/05\/IMG_3287.jpg\"><img loading=\"lazy\" alt=\"IMG_3287\" class=\"alignnone size-medium wp-image-3798 colorbox-3796\" height=\"200\" src=\"http:\/\/www.medskvz.org\/web\/wp-content\/uploads\/2014\/05\/IMG_3287-300x200.jpg\" width=\"300\" srcset=\"https:\/\/www.medskvz.org\/web\/wp-content\/uploads\/2014\/05\/IMG_3287-300x200.jpg 300w, https:\/\/www.medskvz.org\/web\/wp-content\/uploads\/2014\/05\/IMG_3287-1024x682.jpg 1024w\" sizes=\"(max-width: 300px) 100vw, 300px\" \/><\/a><\/p>\n<p>Tre\u0107i dan na&scaron;eg boravka u Njema\u010dkoj zapo\u010deo je dvosatnom vo\u017enjom do malenog gradi\u0107a Frankenthala koji je veli\u010dine na&scaron;eg Vara\u017edina. Smjestili smo se u hotel pod nazivom &bdquo;Victor&#39;s Residenz Hotel&ldquo;. Hotel nas je odu&scaron;evio svojim interijerom i veli\u010dinom ponude za goste. Hotel ima oko tisu\u0107u soba, bazen, saunu, prostore za relaksaciju i malenu unutarnju fontanu. Ru\u010dak i ve\u010deru imali smou restoranu &bdquo;Am Rosengarten&ldquo; koji nas je osvojio bogatom ponudom ukusne hrane. Toga dana posjetili smoInstitut za slu&scaron;anje i komunikaciju Augustin-Violet-Schule u Frankentahalu. Profesori te &scaron;kole govorili su nam o &scaron;koli, njenoj povijesti, o u\u010denicima koji poha\u0111aju tu &scaron;kolu i o zanimanjima za koja se djeca osposobljavaju.<\/p>\n<p>Sljede\u0107eg dana, u petak, imali smo u toj istoj &scaron;koli predstavljanje na&scaron;e &scaron;kole u\u010denicima, razgovor s njima te su nas proveli kroz svoje kabinete i praktikume i radionice kako bi nam do\u010darali svoj na\u010din &scaron;kolovanja. U toj su &scaron;koli u\u010denici o&scaron;te\u0107ena sluha, oni koji imaju ugra\u0111enu pu\u017enicu, tj. implantant i u\u010denici koji su nagluhi. Izmijenili smo iskustva u poznavanju znakovnog jezika. Uspjeli smo se sporazumjeti, ali se neki znakovi posve razlikuju od na&scaron;ih.<\/p>\n<p>U subotu smo nakon doru\u010dka u 8 sati krenuli prema Hrvatskoj. Putovanje je dugo trajalo jer smo se zadr\u017eali i u N&uuml;rnbergu, ali nam je u autobusu bilojako zanimljivo i dru\u017eili smo se. Kada smo stigli na na&scaron;e parkirali&scaron;te kod Vara\u017edinskog groblja, svi smo bili sretni &scaron;to smo ugledali svoje najdra\u017ee, ali i tu\u017eni &scaron;to \u0107emo se rastati. Ovo putovanje u Njema\u010dku bilo nam je jedno bogato iskustvo jer smo nau\u010dili kako se i drugi u\u010denici nose sa svojim problemima u &scaron;koli i nisu \u017ealosni &scaron;to ju poha\u0111aju, dapa\u010de, zadovoljni su i lijepo ih je vidjeti kako se me\u0111usobno vole i kako si poma\u017eu. Svima nam je drago &scaron;to smo imali priliku biti dio ovog iznimnog projekta.<\/p>\n<p>&nbsp;<\/p>\n<p>Mateja Plantak, 3.b<\/p>\n","protected":false},"excerpt":{"rendered":"<div class=\"slide-text-bg2\"><span>Na&scaron;a &scaron;kola ove je godine postala partner Gospodarskoj &scaron;koli Vara\u017edin u provedbi projekta &bdquo;Sign 2 me&ldquo; zajedno sa Srednjom <\/span><\/div>\n<div class=\"slide-btn-area-sm\"><a href=\"https:\/\/www.medskvz.org\/web\/2014\/05\/studijsko-putovanje-u-njemacku\/\" class=\"slide-btn-sm\">Pro\u010ditaj vi\u0161e<\/a><\/div>\n","protected":false},"author":12,"featured_media":0,"comment_status":"closed","ping_status":"open","sticky":false,"template":"","format":"standard","meta":[],"categories":[1],"tags":[],"_links":{"self":[{"href":"https:\/\/www.medskvz.org\/web\/wp-json\/wp\/v2\/posts\/3796"}],"collection":[{"href":"https:\/\/www.medskvz.org\/web\/wp-json\/wp\/v2\/posts"}],"about":[{"href":"https:\/\/www.medskvz.org\/web\/wp-json\/wp\/v2\/types\/post"}],"author":[{"embeddable":true,"href":"https:\/\/www.medskvz.org\/web\/wp-json\/wp\/v2\/users\/12"}],"replies":[{"embeddable":true,"href":"https:\/\/www.medskvz.org\/web\/wp-json\/wp\/v2\/comments?post=3796"}],"version-history":[{"count":4,"href":"https:\/\/www.medskvz.org\/web\/wp-json\/wp\/v2\/posts\/3796\/revisions"}],"predecessor-version":[{"id":3800,"href":"https:\/\/www.medskvz.org\/web\/wp-json\/wp\/v2\/posts\/3796\/revisions\/3800"}],"wp:attachment":[{"href":"https:\/\/www.medskvz.org\/web\/wp-json\/wp\/v2\/media?parent=3796"}],"wp:term":[{"taxonomy":"category","embeddable":true,"href":"https:\/\/www.medskvz.org\/web\/wp-json\/wp\/v2\/categories?post=3796"},{"taxonomy":"post_tag","embeddable":true,"href":"https:\/\/www.medskvz.org\/web\/wp-json\/wp\/v2\/tags?post=3796"}],"curies":[{"name":"wp","href":"https:\/\/api.w.org\/{rel}","templated":true}]}}