{"id":3487,"date":"2013-12-24T13:17:28","date_gmt":"2013-12-24T11:17:28","guid":{"rendered":"http:\/\/www.medskvz.org\/web\/?p=3487"},"modified":"2013-12-24T13:19:31","modified_gmt":"2013-12-24T11:19:31","slug":"dan-osoba-s-invaliditetom","status":"publish","type":"post","link":"https:\/\/www.medskvz.org\/web\/2013\/12\/dan-osoba-s-invaliditetom\/","title":{"rendered":"Dan osoba s invaliditetom"},"content":{"rendered":"<p>I ove godine su na dan osoba s invaliditetom. 3.12.2013. g na&scaron;u &scaron;kolu posjetili gosti iz Dru&scaron;tva distrofi\u010dara, cerebralne i dje\u010dje paralize i ostalih tjelesnih invalida grada Vara\u017edina. Nakon uvodne rije\u010di predsjednika Dru&scaron;tva, prof. Ivice Vujeca, \u010duli smo tri \u017eivotne pri\u010de.<\/p>\n<p><a href=\"http:\/\/www.medskvz.org\/web\/wp-content\/uploads\/2013\/12\/IMG_1006.jpg\"><img loading=\"lazy\" alt=\"IMG_1006\" class=\"alignnone size-medium wp-image-3492 colorbox-3487\" height=\"200\" src=\"http:\/\/www.medskvz.org\/web\/wp-content\/uploads\/2013\/12\/IMG_1006-300x200.jpg\" width=\"300\" srcset=\"https:\/\/www.medskvz.org\/web\/wp-content\/uploads\/2013\/12\/IMG_1006-300x200.jpg 300w, https:\/\/www.medskvz.org\/web\/wp-content\/uploads\/2013\/12\/IMG_1006.jpg 800w\" sizes=\"(max-width: 300px) 100vw, 300px\" \/><\/a><\/p>\n<p>&nbsp;<\/p>\n<p><!--more--><\/p>\n<p>Svima je bila zajedni\u010dka poruka da se invaliditet mo\u017ee nadvladati \u010dvrstom voljom i upornim radom. Tako je profesor Boris Ratkovi\u0107 govorio o svom novinarskom putu, koji jo&scaron; uvijek nije napustio iako je u zaslu\u017eenoj mirovini. Gospo\u0111ica Martina Grade\u010dak nam je prije nekoliko godina s veseljem rekla da je upisala fakultet, a ove godine se je pohvalila s diplomom. Prvakinja Europe u stolnom tenisu, Helena Dretar-Kari\u0107 je dokazala da se i na sportskom podru\u010dju mo\u017ee puno, a to smo vidjeli i pro&scaron;le godine u na&scaron;oj &scaron;koli, kada je stolni tenis odigrala s na&scaron;im u\u010denicima.<\/p>\n<p>Zahvaljujemo svim dragim gostima &scaron;to su na svoj dan odvojili dio vremena za nas, i nadamo se da \u0107e ovi sastanci ostati tradicija Medicinske &scaron;kole Vara\u017edin.<\/p>\n<p><a href=\"http:\/\/www.medskvz.org\/web\/wp-content\/uploads\/2013\/12\/IMG_1025.jpg\"><img loading=\"lazy\" alt=\"IMG_1025\" class=\"alignnone size-medium wp-image-3495 colorbox-3487\" height=\"200\" src=\"http:\/\/www.medskvz.org\/web\/wp-content\/uploads\/2013\/12\/IMG_1025-300x200.jpg\" width=\"300\" srcset=\"https:\/\/www.medskvz.org\/web\/wp-content\/uploads\/2013\/12\/IMG_1025-300x200.jpg 300w, https:\/\/www.medskvz.org\/web\/wp-content\/uploads\/2013\/12\/IMG_1025.jpg 800w\" sizes=\"(max-width: 300px) 100vw, 300px\" \/><\/a> <a href=\"http:\/\/www.medskvz.org\/web\/wp-content\/uploads\/2013\/12\/IMG_1021.jpg\"><img loading=\"lazy\" alt=\"IMG_1021\" class=\"alignnone size-medium wp-image-3494 colorbox-3487\" height=\"200\" src=\"http:\/\/www.medskvz.org\/web\/wp-content\/uploads\/2013\/12\/IMG_1021-300x200.jpg\" width=\"300\" srcset=\"https:\/\/www.medskvz.org\/web\/wp-content\/uploads\/2013\/12\/IMG_1021-300x200.jpg 300w, https:\/\/www.medskvz.org\/web\/wp-content\/uploads\/2013\/12\/IMG_1021.jpg 800w\" sizes=\"(max-width: 300px) 100vw, 300px\" \/><\/a> <a href=\"http:\/\/www.medskvz.org\/web\/wp-content\/uploads\/2013\/12\/IMG_1008.jpg\"><img loading=\"lazy\" alt=\"IMG_1008\" class=\"alignnone size-medium wp-image-3493 colorbox-3487\" height=\"200\" src=\"http:\/\/www.medskvz.org\/web\/wp-content\/uploads\/2013\/12\/IMG_1008-300x200.jpg\" width=\"300\" srcset=\"https:\/\/www.medskvz.org\/web\/wp-content\/uploads\/2013\/12\/IMG_1008-300x200.jpg 300w, https:\/\/www.medskvz.org\/web\/wp-content\/uploads\/2013\/12\/IMG_1008.jpg 800w\" sizes=\"(max-width: 300px) 100vw, 300px\" \/><\/a> <a href=\"http:\/\/www.medskvz.org\/web\/wp-content\/uploads\/2013\/12\/IMG_1004.jpg\"><img loading=\"lazy\" alt=\"IMG_1004\" class=\"alignnone size-medium wp-image-3491 colorbox-3487\" height=\"300\" src=\"http:\/\/www.medskvz.org\/web\/wp-content\/uploads\/2013\/12\/IMG_1004-200x300.jpg\" width=\"200\" srcset=\"https:\/\/www.medskvz.org\/web\/wp-content\/uploads\/2013\/12\/IMG_1004-200x300.jpg 200w, https:\/\/www.medskvz.org\/web\/wp-content\/uploads\/2013\/12\/IMG_1004.jpg 400w\" sizes=\"(max-width: 200px) 100vw, 200px\" \/><\/a> <a href=\"http:\/\/www.medskvz.org\/web\/wp-content\/uploads\/2013\/12\/IMG_0999.jpg\"><img loading=\"lazy\" alt=\"IMG_0999\" class=\"alignnone size-medium wp-image-3488 colorbox-3487\" height=\"300\" src=\"http:\/\/www.medskvz.org\/web\/wp-content\/uploads\/2013\/12\/IMG_0999-200x300.jpg\" width=\"200\" srcset=\"https:\/\/www.medskvz.org\/web\/wp-content\/uploads\/2013\/12\/IMG_0999-200x300.jpg 200w, https:\/\/www.medskvz.org\/web\/wp-content\/uploads\/2013\/12\/IMG_0999.jpg 400w\" sizes=\"(max-width: 200px) 100vw, 200px\" \/><\/a> <a href=\"http:\/\/www.medskvz.org\/web\/wp-content\/uploads\/2013\/12\/IMG_1000.jpg\"><img loading=\"lazy\" alt=\"IMG_1000\" class=\"alignnone size-medium wp-image-3489 colorbox-3487\" height=\"200\" src=\"http:\/\/www.medskvz.org\/web\/wp-content\/uploads\/2013\/12\/IMG_1000-300x200.jpg\" width=\"300\" srcset=\"https:\/\/www.medskvz.org\/web\/wp-content\/uploads\/2013\/12\/IMG_1000-300x200.jpg 300w, https:\/\/www.medskvz.org\/web\/wp-content\/uploads\/2013\/12\/IMG_1000.jpg 800w\" sizes=\"(max-width: 300px) 100vw, 300px\" \/><\/a> <a href=\"http:\/\/www.medskvz.org\/web\/wp-content\/uploads\/2013\/12\/IMG_1002.jpg\"><img loading=\"lazy\" alt=\"IMG_1002\" class=\"alignnone size-medium wp-image-3490 colorbox-3487\" height=\"200\" src=\"http:\/\/www.medskvz.org\/web\/wp-content\/uploads\/2013\/12\/IMG_1002-300x200.jpg\" width=\"300\" srcset=\"https:\/\/www.medskvz.org\/web\/wp-content\/uploads\/2013\/12\/IMG_1002-300x200.jpg 300w, https:\/\/www.medskvz.org\/web\/wp-content\/uploads\/2013\/12\/IMG_1002.jpg 800w\" sizes=\"(max-width: 300px) 100vw, 300px\" \/><\/a><\/p>\n","protected":false},"excerpt":{"rendered":"<div class=\"slide-text-bg2\"><span>I ove godine su na dan osoba s invaliditetom. 3.12.2013. g na&scaron;u &scaron;kolu posjetili gosti iz Dru&scaron;tva distrofi\u010dara, cerebralne i dje\u010dje p<\/span><\/div>\n<div class=\"slide-btn-area-sm\"><a href=\"https:\/\/www.medskvz.org\/web\/2013\/12\/dan-osoba-s-invaliditetom\/\" class=\"slide-btn-sm\">Pro\u010ditaj vi\u0161e<\/a><\/div>\n","protected":false},"author":12,"featured_media":0,"comment_status":"closed","ping_status":"open","sticky":false,"template":"","format":"standard","meta":[],"categories":[1],"tags":[],"_links":{"self":[{"href":"https:\/\/www.medskvz.org\/web\/wp-json\/wp\/v2\/posts\/3487"}],"collection":[{"href":"https:\/\/www.medskvz.org\/web\/wp-json\/wp\/v2\/posts"}],"about":[{"href":"https:\/\/www.medskvz.org\/web\/wp-json\/wp\/v2\/types\/post"}],"author":[{"embeddable":true,"href":"https:\/\/www.medskvz.org\/web\/wp-json\/wp\/v2\/users\/12"}],"replies":[{"embeddable":true,"href":"https:\/\/www.medskvz.org\/web\/wp-json\/wp\/v2\/comments?post=3487"}],"version-history":[{"count":4,"href":"https:\/\/www.medskvz.org\/web\/wp-json\/wp\/v2\/posts\/3487\/revisions"}],"predecessor-version":[{"id":3498,"href":"https:\/\/www.medskvz.org\/web\/wp-json\/wp\/v2\/posts\/3487\/revisions\/3498"}],"wp:attachment":[{"href":"https:\/\/www.medskvz.org\/web\/wp-json\/wp\/v2\/media?parent=3487"}],"wp:term":[{"taxonomy":"category","embeddable":true,"href":"https:\/\/www.medskvz.org\/web\/wp-json\/wp\/v2\/categories?post=3487"},{"taxonomy":"post_tag","embeddable":true,"href":"https:\/\/www.medskvz.org\/web\/wp-json\/wp\/v2\/tags?post=3487"}],"curies":[{"name":"wp","href":"https:\/\/api.w.org\/{rel}","templated":true}]}}