{"id":3465,"date":"2013-12-21T15:12:16","date_gmt":"2013-12-21T13:12:16","guid":{"rendered":"http:\/\/www.medskvz.org\/web\/?p=3465"},"modified":"2013-12-21T15:12:16","modified_gmt":"2013-12-21T13:12:16","slug":"bozicna-priredba","status":"publish","type":"post","link":"https:\/\/www.medskvz.org\/web\/2013\/12\/bozicna-priredba\/","title":{"rendered":"Bo\u017ei\u0107na priredba"},"content":{"rendered":"<p>U\u010denici Medicinske &scaron;kole Vara\u017edin su 18. prosinca 2013. godine posjetili Centar Tomislav &Scaron;poljar i time jo&scaron; jednom pokazali svoje veliko srce i brigu za one kojima je pomo\u0107 najpotrebnija.<\/p>\n<p><a href=\"http:\/\/www.medskvz.org\/web\/wp-content\/uploads\/2013\/12\/u\u010denici-i-djeca.jpg\"><img loading=\"lazy\" alt=\"u\u010denici i djeca\" class=\"alignnone size-medium wp-image-3481 colorbox-3465\" height=\"225\" src=\"http:\/\/www.medskvz.org\/web\/wp-content\/uploads\/2013\/12\/u\u010denici-i-djeca-300x225.jpg\" width=\"300\" srcset=\"https:\/\/www.medskvz.org\/web\/wp-content\/uploads\/2013\/12\/u\u010denici-i-djeca-300x225.jpg 300w, https:\/\/www.medskvz.org\/web\/wp-content\/uploads\/2013\/12\/u\u010denici-i-djeca.jpg 365w\" sizes=\"(max-width: 300px) 100vw, 300px\" \/><\/a><\/p>\n<p>&nbsp;<\/p>\n<p><!--more--><\/p>\n<p><a href=\"http:\/\/www.medskvz.org\/web\/wp-content\/uploads\/2013\/12\/u\u010denici-koji-su-sudjelovali-u-posjetu.jpg\"><img loading=\"lazy\" alt=\"u\u010denici koji su sudjelovali u posjetu\" class=\"alignnone size-medium wp-image-3482 colorbox-3465\" height=\"225\" src=\"http:\/\/www.medskvz.org\/web\/wp-content\/uploads\/2013\/12\/u\u010denici-koji-su-sudjelovali-u-posjetu-300x225.jpg\" width=\"300\" srcset=\"https:\/\/www.medskvz.org\/web\/wp-content\/uploads\/2013\/12\/u\u010denici-koji-su-sudjelovali-u-posjetu-300x225.jpg 300w, https:\/\/www.medskvz.org\/web\/wp-content\/uploads\/2013\/12\/u\u010denici-koji-su-sudjelovali-u-posjetu.jpg 365w\" sizes=\"(max-width: 300px) 100vw, 300px\" \/><\/a><\/p>\n<p>Zabavni program je uklju\u010divao igrokaz &bdquo;Pismo za Djeda Mraza&ldquo;&nbsp; te posjet Djeda Mraza koji je djeci donio osmijeh na lica poklonima &ndash; bo\u017ei\u0107nim \u010destitkama, ukrasima za bor i slatki&scaron;ima. Izradu svakog poklona, kao i veliku \u010destitku za ravnatelja, potpisuju sami u\u010denici. Nakon igrokaza uslijedilo je veselje uz bo\u017ei\u0107ne pjesme, ples i dru\u017eenje. Posjet i priprema odr\u017eani su pod vodstvom psihologinje Medicinske &scaron;kole Danijele &Scaron;triga.<\/p>\n<p><a href=\"http:\/\/www.medskvz.org\/web\/wp-content\/uploads\/2013\/12\/IMG_7746.jpg\"><img loading=\"lazy\" alt=\"IMG_7746\" class=\"alignnone size-medium wp-image-3480 colorbox-3465\" height=\"225\" src=\"http:\/\/www.medskvz.org\/web\/wp-content\/uploads\/2013\/12\/IMG_7746-300x225.jpg\" width=\"300\" srcset=\"https:\/\/www.medskvz.org\/web\/wp-content\/uploads\/2013\/12\/IMG_7746-300x225.jpg 300w, https:\/\/www.medskvz.org\/web\/wp-content\/uploads\/2013\/12\/IMG_7746.jpg 365w\" sizes=\"(max-width: 300px) 100vw, 300px\" \/><\/a><a href=\"http:\/\/www.medskvz.org\/web\/wp-content\/uploads\/2013\/12\/IMG_7689.jpg\"><img loading=\"lazy\" alt=\"IMG_7689\" class=\"alignnone size-medium wp-image-3483 colorbox-3465\" height=\"225\" src=\"http:\/\/www.medskvz.org\/web\/wp-content\/uploads\/2013\/12\/IMG_7689-300x225.jpg\" width=\"300\" srcset=\"https:\/\/www.medskvz.org\/web\/wp-content\/uploads\/2013\/12\/IMG_7689-300x225.jpg 300w, https:\/\/www.medskvz.org\/web\/wp-content\/uploads\/2013\/12\/IMG_7689.jpg 365w\" sizes=\"(max-width: 300px) 100vw, 300px\" \/><\/a> <a href=\"http:\/\/www.medskvz.org\/web\/wp-content\/uploads\/2013\/12\/IMG_7725.jpg\"><img loading=\"lazy\" alt=\"IMG_7725\" class=\"alignnone size-medium wp-image-3484 colorbox-3465\" height=\"225\" src=\"http:\/\/www.medskvz.org\/web\/wp-content\/uploads\/2013\/12\/IMG_7725-300x225.jpg\" width=\"300\" srcset=\"https:\/\/www.medskvz.org\/web\/wp-content\/uploads\/2013\/12\/IMG_7725-300x225.jpg 300w, https:\/\/www.medskvz.org\/web\/wp-content\/uploads\/2013\/12\/IMG_7725.jpg 365w\" sizes=\"(max-width: 300px) 100vw, 300px\" \/><\/a><\/p>\n","protected":false},"excerpt":{"rendered":"<div class=\"slide-text-bg2\"><span>U\u010denici Medicinske &scaron;kole Vara\u017edin su 18. prosinca 2013. godine posjetili Centar Tomislav &Scaron;poljar i time jo&scaron; jednom pokazali svoje ve<\/span><\/div>\n<div class=\"slide-btn-area-sm\"><a href=\"https:\/\/www.medskvz.org\/web\/2013\/12\/bozicna-priredba\/\" class=\"slide-btn-sm\">Pro\u010ditaj vi\u0161e<\/a><\/div>\n","protected":false},"author":12,"featured_media":0,"comment_status":"closed","ping_status":"open","sticky":false,"template":"","format":"standard","meta":[],"categories":[1],"tags":[],"_links":{"self":[{"href":"https:\/\/www.medskvz.org\/web\/wp-json\/wp\/v2\/posts\/3465"}],"collection":[{"href":"https:\/\/www.medskvz.org\/web\/wp-json\/wp\/v2\/posts"}],"about":[{"href":"https:\/\/www.medskvz.org\/web\/wp-json\/wp\/v2\/types\/post"}],"author":[{"embeddable":true,"href":"https:\/\/www.medskvz.org\/web\/wp-json\/wp\/v2\/users\/12"}],"replies":[{"embeddable":true,"href":"https:\/\/www.medskvz.org\/web\/wp-json\/wp\/v2\/comments?post=3465"}],"version-history":[{"count":2,"href":"https:\/\/www.medskvz.org\/web\/wp-json\/wp\/v2\/posts\/3465\/revisions"}],"predecessor-version":[{"id":3486,"href":"https:\/\/www.medskvz.org\/web\/wp-json\/wp\/v2\/posts\/3465\/revisions\/3486"}],"wp:attachment":[{"href":"https:\/\/www.medskvz.org\/web\/wp-json\/wp\/v2\/media?parent=3465"}],"wp:term":[{"taxonomy":"category","embeddable":true,"href":"https:\/\/www.medskvz.org\/web\/wp-json\/wp\/v2\/categories?post=3465"},{"taxonomy":"post_tag","embeddable":true,"href":"https:\/\/www.medskvz.org\/web\/wp-json\/wp\/v2\/tags?post=3465"}],"curies":[{"name":"wp","href":"https:\/\/api.w.org\/{rel}","templated":true}]}}