{"id":3055,"date":"2013-10-05T19:20:21","date_gmt":"2013-10-05T17:20:21","guid":{"rendered":"http:\/\/www.medskvz.org\/web\/?p=3055"},"modified":"2013-11-04T15:06:25","modified_gmt":"2013-11-04T13:06:25","slug":"capture-the-world-in-a-photo","status":"publish","type":"post","link":"https:\/\/www.medskvz.org\/web\/2013\/10\/capture-the-world-in-a-photo\/","title":{"rendered":"Capture the World in a Photo"},"content":{"rendered":"<p>&nbsp;<\/p>\n<p>&nbsp;<\/p>\n<p><span style=\"line-height: 1.6em;\">Projekt &quot;Capture the World in&nbsp;a Photo&quot;&nbsp;<\/span><span style=\"line-height: 1.6em;\">&nbsp;odvija se u okviru Programa za cjelo\u017eivotno u\u010denje Europske unije, potprograma Comenius, Multilateralna &scaron;kolska partnerstva, namijenjenoga u\u010denicima i nastavnicima osnovnih i srednjih &scaron;kola (op\u0107eobrazovni sadr\u017eaji). Trajanje projekta je dvije godine &#8211; od rujna 2013. do kolovoza &nbsp;2015.&nbsp;<\/span><span style=\"line-height: 1.6em;\">i u njega je uklju\u010deno &scaron;est &scaron;kola partnera iz Poljske, Turske, &Scaron;panjolske, Njema\u010dke, Finske i Hrvatske.<\/span><\/p>\n<p>&nbsp;<\/p>\n<p>Glavni koordinator i za\u010detnik projektne ideje je &scaron;kola Zasp&oacute;\u0142 Szk&oacute;\u0142 Ponadgimnazjalnych w Sierakowicach Liceum Og&oacute;lnokszta\u0142c\u0105ce iz Poljske, to\u010dnije malog mjesta Sierakowice u balti\u010dkome priobalju.<\/p>\n<p><!--more--><\/p>\n<p><span style=\"line-height: 1.6em;\">Ostale su &scaron;kole partneri:<\/span><\/p>\n<p>1. gimnazija&nbsp; Nizip Anadolu Ogretmen Lisesi, op\u0107a gimnazija iz turskoga grada Gaziantepa&nbsp;<\/p>\n<p>2. gimnazija i stru\u010dna &scaron;kola Beasain BHI iz &scaron;panjolskog, to\u010dnije baskijskoga,&nbsp; grada Beasaina<\/p>\n<p>3. strukovna i tehni\u010dka &scaron;kola St&auml;dtische Berufsschule II Regensburg iz njema\u010dkoga grada Regensburga<\/p>\n<p>4. gimnazija Lepp&auml;virran lukio iz finskoga grada Lepp&auml;virta<\/p>\n<p>5. i Medicinska &scaron;kola Vara\u017edin.<\/p>\n<p>&nbsp;<\/p>\n<p>U projekt \u0107e biti uklju\u010deno dvadesetak u\u010denika u svakoj zemlji i svaka \u0107e zemlja izvesti najmanje 24 me\u0111unarodne mobilnosti u\u010denika i profesora. U na&scaron;oj &scaron;koli u projekt \u0107e biti uklju\u010deni profesori: Ivan Glo\u017eini\u0107 i Sa&scaron;a Josip Milec&nbsp; kao mentori u\u010denicima i Nata&scaron;a Sajko kao projektna koordinatorica&nbsp; i ravnateljica Mirjana Grabar-Kruljac.<\/p>\n<p>Medicinska &scaron;kola Vara\u017edin primila je grant Nacionalne agencije za programe EU, Agencije za mobilnost i projekte EU, u vrijednosti od 22 500 eura, &scaron;to je i najvi&scaron;a svota koju odobrava Nacionalna agencija za projekte ove vrste.<\/p>\n<p>Ukupna vrijednost projekta je 120 000 eura koji \u0107e uglavnom biti utro&scaron;eni na putovanja, tj. mobilnosti u\u010denika i nastavnika.<\/p>\n<p>&nbsp;<\/p>\n<p>Osnovna je svrha projekta upoznavanje u\u010denika iz razli\u010ditih i udaljenih dijelova zemalja \u010dlanica EU i zemalja pristupnica (Turska) i stjecanje jezi\u010dnih, komunikacijskih i digitalnih kompetencija.<\/p>\n<p>Ve\u0107ina u\u010denika uklju\u010denih u na&scaron; projekt dolazi iz srednjih ili ni\u017eih (siroma&scaron;nih) dru&scaron;tvenih slojeva i manjih sredina. Darovan novac omogu\u0107it \u0107e im me\u0111usobno upoznavanje, upoznavanje razli\u010ditih kultura i obi\u010daja okom kamere, ali i fotografije kao moderne umjetnosti koja je preslabo zastupljena u svim nacionalnim kurikulima, pa i hrvatskome.<\/p>\n<p>Za u\u010denike se u &scaron;koli organizira izvannastavna aktivnost: fotogrupa u kojoj u\u010denici stje\u010du osnovna znanja o fotografiji kao umjetni\u010dkoj djelatnosti, imaju prilike slu&scaron;ati predavanja stru\u010dnjaka fotografa i upoznati nacionalnu fotografiju. &Scaron;kola \u0107e nabaviti i kvalitetnu opremu (fotoaparat, stalak, objektiv) iz dobivenih sredstava.<\/p>\n<p>Osnovna je zamisao projekta vrlo jednostavna i odvija se u tri faze: nakon po\u010detne obuke u fotogrupi &nbsp;svi u\u010denici iz &scaron;kole mogu se uklju\u010diti u fotonatje\u010daj i predstaviti se na &scaron;kolskoj izlo\u017ebi svojim radom na zadanu temu. &nbsp;&Scaron;kolski \u017eiri sastavljen od u\u010denika, nastavnika i stru\u010dnjaka fotografa bira najuspjelije tri fotografije i ti u\u010denici idu na me\u0111unarodnu mobilnost, tj. upoznati zemlju doma\u0107ina.<span style=\"line-height: 1.6em;\">&nbsp;Pobjednik me\u0111unarodnog natjecanja na prvoj mobilnosti bira sljede\u0107u natjecateljsku temu.<\/span><\/p>\n<p>&nbsp;<\/p>\n<p>Na&scaron;a &scaron;kola bit \u0107e doma\u0107in tre\u0107eg susreta u travnju 2014. godine kada \u0107emo ugostiti \u010detrdesetak u\u010denika i profesora iz na&scaron;ih zemalja partnera.<\/p>\n<p><span style=\"line-height: 1.6em;\">&nbsp;Za vrijeme trajanja projekta izradit \u0107e se Facebook-stranica za pra\u0107enje projektnih aktivnosti i me\u0111usobnu komunikaciju sudionika projekta koju \u0107e ure\u0111ivati sami u\u010denici. Tako \u0107e i vje\u017ebati i poznavanje i uporabu engleskoga jezika&nbsp; koji je i slu\u017ebeni jezik projekta.<\/span><\/p>\n<p>&nbsp;<\/p>\n<p>&nbsp;<\/p>\n<p>&nbsp;<\/p>\n<p>The project is aimed for secondary school students who are interested in photography both digital and analogue. The language of the project is English. The main aim of the project is to interest students in extra curriculum activities especially photography. The project work will be divided into three stages: &nbsp;<\/p>\n<p>The first stage of the project is students training. It will be conducted at the beginning of the project in students&rsquo; &nbsp;own schools. This stage is to provide students with enough necessary knowledge to &nbsp;participate in further stages of the project.&nbsp;<\/p>\n<p>The second stage is photography competitions. The topic and the detailed rules of the competition are assigned at least two months before each mobility in form of a challenge.&nbsp; All students taking part in the project need to take at least one photograph on a given topic. The best photographs are then developed on paper and presented to the jury &nbsp;of teachers from all partner countries during the mobility. The jury chooses the winner who in turn chooses the next topic for the next challenge as a reward.<\/p>\n<p>The third stage are the exhibitions. This stage will also be done during the mobilities. Although there will be only one winner of each competition, the best works will be hosted on exhibitions. The exhibitions will be held outside schools so that they can reach more interest from the local community. &nbsp;They can be hosted in theatres, cinemas galleries or even outside on the streets in a busy part of a town.<\/p>\n","protected":false},"excerpt":{"rendered":"<div class=\"slide-text-bg2\"><span>&nbsp; &nbsp; Projekt &quot;Capture the World in&nbsp;a Photo&quot;&nbsp;&nbsp;odvija se u okviru Programa za cjelo\u017eivotno u\u010denje Europske unije, potprog<\/span><\/div>\n<div class=\"slide-btn-area-sm\"><a href=\"https:\/\/www.medskvz.org\/web\/2013\/10\/capture-the-world-in-a-photo\/\" class=\"slide-btn-sm\">Pro\u010ditaj vi\u0161e<\/a><\/div>\n","protected":false},"author":12,"featured_media":0,"comment_status":"closed","ping_status":"open","sticky":false,"template":"","format":"standard","meta":[],"categories":[1],"tags":[],"_links":{"self":[{"href":"https:\/\/www.medskvz.org\/web\/wp-json\/wp\/v2\/posts\/3055"}],"collection":[{"href":"https:\/\/www.medskvz.org\/web\/wp-json\/wp\/v2\/posts"}],"about":[{"href":"https:\/\/www.medskvz.org\/web\/wp-json\/wp\/v2\/types\/post"}],"author":[{"embeddable":true,"href":"https:\/\/www.medskvz.org\/web\/wp-json\/wp\/v2\/users\/12"}],"replies":[{"embeddable":true,"href":"https:\/\/www.medskvz.org\/web\/wp-json\/wp\/v2\/comments?post=3055"}],"version-history":[{"count":2,"href":"https:\/\/www.medskvz.org\/web\/wp-json\/wp\/v2\/posts\/3055\/revisions"}],"predecessor-version":[{"id":3281,"href":"https:\/\/www.medskvz.org\/web\/wp-json\/wp\/v2\/posts\/3055\/revisions\/3281"}],"wp:attachment":[{"href":"https:\/\/www.medskvz.org\/web\/wp-json\/wp\/v2\/media?parent=3055"}],"wp:term":[{"taxonomy":"category","embeddable":true,"href":"https:\/\/www.medskvz.org\/web\/wp-json\/wp\/v2\/categories?post=3055"},{"taxonomy":"post_tag","embeddable":true,"href":"https:\/\/www.medskvz.org\/web\/wp-json\/wp\/v2\/tags?post=3055"}],"curies":[{"name":"wp","href":"https:\/\/api.w.org\/{rel}","templated":true}]}}