{"id":18844,"date":"2026-04-30T22:12:15","date_gmt":"2026-04-30T20:12:15","guid":{"rendered":"https:\/\/www.medskvz.org\/web\/?p=18844"},"modified":"2026-04-30T22:58:46","modified_gmt":"2026-04-30T20:58:46","slug":"erasmus-tjedan-u-medicinskoj-skoli-varazdin","status":"publish","type":"post","link":"https:\/\/www.medskvz.org\/web\/2026\/04\/erasmus-tjedan-u-medicinskoj-skoli-varazdin\/","title":{"rendered":"Erasmus + tjedan u Medicinskoj \u0161koli Vara\u017edin"},"content":{"rendered":"\n<div>Tijekom sljede\u0107eg tjedna, a\u00a0<b>povodom Dana Europe<\/b>\u00a0(9. 5.),\u00a0<b>od ponedjeljka 11. 5. 2026. do petka 15. 5. 2026. g<\/b>odine u velikom predvorju (auli) \u0161kole odr\u017eat \u0107e se aktivnosti vezane uz diseminaciju Erasmus+ projektnih aktivnosti na KA122 projektu &#8220;Otvorenim umom do zdravog srca&#8221; i KA210 projektu &#8220;Ethical dilemma: AI or me&#8221; svim zainteresiranim u\u010denicima, nastavnicima, roditeljima i posjetiteljima. Projektna aktivnost odr\u017eavat \u0107e se pod nazivom\u00a0<b>Erasmus+ tjedan Medicinske \u0161kole Vara\u017edin.<\/b><\/div>\n<div>\u00a0<\/div>\n<div><b>Odr\u017eat \u0107e se sljede\u0107e aktivnosti predstavljanja ste\u010denih znanja, vje\u0161tina i stavova tijekom pet odr\u017eanih grupnih mobilnosti u\u010denika i nastavnika.<\/b><\/div>\n<div><b>\u00a0<\/b><\/div>\n<div>1. ponedjeljak 11. 5. 2026. u 11 sati &#8211; predstavljanje mobilnosti u\u010denika u gimnaziju\u00a0<i><b>Liceo Scientifico Statale Morando Morandi\u00a0<\/b>Finale Emilia,\u00a0<\/i>Italija\u00a0<\/div>\n<div>2. utorak 12. 5. 2026. (termin aktivnosti bit \u0107e uvr\u0161ten u program obilje\u017eavanja Dana \u0161kole) &#8211; predstavljanje mobilnosti u\u010denica u neprofitnu udrugu<b>\u00a0<i>School of Peace FVG<\/i><\/b>\u00a0u Staranzanu, Italija\u00a0<\/div>\n<div>3. srijeda, 13. 5. 2026. u 11 sati &#8211; predstavljanje mobilnosti u\u010denika u gimnaziju\u00a0<i><b>Instituto de Educaci\u00f3n Secundaria Los Montecillos,<\/b>\u00a0<\/i>Coin, \u0160panjolska<\/div>\n<div>4. \u010detvrtak, 14. 5. 2026. u 11 sati &#8211; predstavljanje mobilnosti u\u010denika u gimnaziju<i>\u00a0<b>Sehit Kaya Aldogan Anadolu Lisesi,<\/b><\/i>\u00a0Kusadasi, Turska<\/div>\n<div>5. petak 15. 5. 2026. u 11 sati &#8211; predstavljanje mobilnosti u\u010denica u\u00a0<b><i>Scoala Gimnaziala ,,Avram Iancu&#8221;<\/i><\/b>,\u00a0 Alba Iulia, Rumunjska.<\/div>\n<div>\u00a0<\/div>\n<div>Isto tako u ulaznom dijelu \u0161kole bit \u0107e predstavljen<b>\u00a0Erasmus+ kutak Medicinske \u0161kole Vara\u017edin\u00a0 na kojemu mo\u017eete prona\u0107i zanimljivosti o na\u0161im projektima.<\/b><\/div>\n<div>\u00a0<\/div>\n<div><b>Najljep\u0161e vas jo\u0161 jednom pozivamo da nam se priklju\u010dite i proslavite s nama Dan Europe i na\u0161 Erasmus+ tjedan.<\/b><\/div>\n<div><b>\u00a0<\/b><\/div>\n<div>Srda\u010dno<\/div>\n<div>\u00a0<\/div>\n<div><b>Erasmus+ projektni tim\u00a0<\/b><\/div>\n<div>Nata\u0161a Sajko, Erasmus+ koordinatorica\u00a0, voditeljica projekta &#8220;Ethical dilemma: AI or me&#8221; i voditeljica projektne aktivnosti Drama i debata<\/div>\n<div>Jadranka Te\u017ea\u010dki, voditeljica aktivnosti Drama i debata i \u010dlanica projektnog tima &#8220;Ethical dilemma: AI or me&#8221;<\/div>\n<div>Kristina Bobek, voditeljica aktivnosti Emocionalna inteligencija u stranim jezicima<\/div>\n<div>Valerija Ruklji\u0107 i Tena Horvat, voditeljice aktivnosti Emocionalno mapiranje<\/div>\n<div>\u00a0<\/div>\n<div><img loading=\"lazy\" class=\"alignnone size-medium wp-image-18846 colorbox-18844\" src=\"https:\/\/www.medskvz.org\/web\/wp-content\/uploads\/2026\/04\/HR-Sufinancira-EUROPSKA-UNIJA_POS_POS-300x79.png\" alt=\"\" width=\"300\" height=\"79\" srcset=\"https:\/\/www.medskvz.org\/web\/wp-content\/uploads\/2026\/04\/HR-Sufinancira-EUROPSKA-UNIJA_POS_POS-300x79.png 300w, https:\/\/www.medskvz.org\/web\/wp-content\/uploads\/2026\/04\/HR-Sufinancira-EUROPSKA-UNIJA_POS_POS-1024x271.png 1024w, https:\/\/www.medskvz.org\/web\/wp-content\/uploads\/2026\/04\/HR-Sufinancira-EUROPSKA-UNIJA_POS_POS-768x203.png 768w, https:\/\/www.medskvz.org\/web\/wp-content\/uploads\/2026\/04\/HR-Sufinancira-EUROPSKA-UNIJA_POS_POS-1536x406.png 1536w, https:\/\/www.medskvz.org\/web\/wp-content\/uploads\/2026\/04\/HR-Sufinancira-EUROPSKA-UNIJA_POS_POS.png 1687w\" sizes=\"(max-width: 300px) 100vw, 300px\" \/><\/div>\n<div class=\"yj6qo\">\u00a0<\/div>\n<div class=\"adL\">\u00a0<\/div>\n<div class=\"adL\">\u00a0<\/div>\n","protected":false},"excerpt":{"rendered":"<div class=\"slide-text-bg2\"><span>Tijekom sljede\u0107eg tjedna, a\u00a0povodom Dana Europe\u00a0(9. 5.),\u00a0od ponedjeljka 11. 5. 2026. do petka 15. 5. 2026. godine u velikom predvorju (auli) \u0161kole odr<\/span><\/div>\n<div class=\"slide-btn-area-sm\"><a href=\"https:\/\/www.medskvz.org\/web\/2026\/04\/erasmus-tjedan-u-medicinskoj-skoli-varazdin\/\" class=\"slide-btn-sm\">Pro\u010ditaj vi\u0161e<\/a><\/div>\n","protected":false},"author":11,"featured_media":18845,"comment_status":"closed","ping_status":"open","sticky":false,"template":"","format":"standard","meta":[],"categories":[72,1,71],"tags":[],"_links":{"self":[{"href":"https:\/\/www.medskvz.org\/web\/wp-json\/wp\/v2\/posts\/18844"}],"collection":[{"href":"https:\/\/www.medskvz.org\/web\/wp-json\/wp\/v2\/posts"}],"about":[{"href":"https:\/\/www.medskvz.org\/web\/wp-json\/wp\/v2\/types\/post"}],"author":[{"embeddable":true,"href":"https:\/\/www.medskvz.org\/web\/wp-json\/wp\/v2\/users\/11"}],"replies":[{"embeddable":true,"href":"https:\/\/www.medskvz.org\/web\/wp-json\/wp\/v2\/comments?post=18844"}],"version-history":[{"count":2,"href":"https:\/\/www.medskvz.org\/web\/wp-json\/wp\/v2\/posts\/18844\/revisions"}],"predecessor-version":[{"id":18848,"href":"https:\/\/www.medskvz.org\/web\/wp-json\/wp\/v2\/posts\/18844\/revisions\/18848"}],"wp:featuredmedia":[{"embeddable":true,"href":"https:\/\/www.medskvz.org\/web\/wp-json\/wp\/v2\/media\/18845"}],"wp:attachment":[{"href":"https:\/\/www.medskvz.org\/web\/wp-json\/wp\/v2\/media?parent=18844"}],"wp:term":[{"taxonomy":"category","embeddable":true,"href":"https:\/\/www.medskvz.org\/web\/wp-json\/wp\/v2\/categories?post=18844"},{"taxonomy":"post_tag","embeddable":true,"href":"https:\/\/www.medskvz.org\/web\/wp-json\/wp\/v2\/tags?post=18844"}],"curies":[{"name":"wp","href":"https:\/\/api.w.org\/{rel}","templated":true}]}}