{"id":18813,"date":"2026-04-27T08:08:48","date_gmt":"2026-04-27T06:08:48","guid":{"rendered":"https:\/\/www.medskvz.org\/web\/?p=18813"},"modified":"2026-04-27T09:28:26","modified_gmt":"2026-04-27T07:28:26","slug":"posjet-institutu-za-medicinska-istrazivanja-i-medicinu-rada-imi","status":"publish","type":"post","link":"https:\/\/www.medskvz.org\/web\/2026\/04\/posjet-institutu-za-medicinska-istrazivanja-i-medicinu-rada-imi\/","title":{"rendered":"Posjet Institutu za medicinska istra\u017eivanja i medicinu rada (IMI)"},"content":{"rendered":"\n<p>\u00a0<\/p>\n<p>U sklopu me\u0111unarodnog projekta E-medica u\u010denice Medicinske \u0161kole Dora Majhen i Marta Borak, u pratnji mentorice Nata\u0161e Vukovi\u0107, posjetile su 23. travnja 2026. Institut za medicinska istra\u017eivanja i medicinu rada u Zagrebu.<\/p>\n<p>Ovaj posjet dio je suradnje na projektu pod nazivom \u201eKako mikroplastika utje\u010de na zdravlje ljudi?\u201d, u kojem uz na\u0161u \u0161kolu sudjeluju i Medicinska \u0161kola Pula te Medicinska \u0161kola Bjelovar kao nositelj projekta.<\/p>\n<p>Tijekom boravka na Institutu u\u010denice su pro\u0161le iznimno bogat edukativni program usmjeren na istra\u017eivanje \u010destica mikroplastike u okoli\u0161nim uzorcima i <em>in vitro<\/em> istra\u017eivanjima.<\/p>\n<p>Program je zapo\u010deo uvodnim predavanjem o djelatnostima samog Instituta koje je odr\u017eala dr. sc. Antonija Sulimanec. Uslijedilo je i stru\u010dno izlaganje dr. sc. Lucije Bo\u017ei\u010devi\u0107 iz Zavoda za toksikologiju pod nazivom \u201eNevidljivi svijet plastike \u2013 izvori, \u0161tetni u\u010dinci, istra\u017eivanja i \u0161to mo\u017eemo promijeniti\u201d, dok je dr. sc. Jasna Jurasovi\u0107 iz Zavoda za medicinu rada i okoli\u0161a predstavila temu \u201eMikroplastika u zraku \u2013 novi izazov za okoli\u0161 i zdravlje\u201d.<\/p>\n<p>Oboga\u0107ene teorijskim znanjima, u\u010denice su pod vodstvom dr. sc. Zorane Kljakovi\u0107-Ga\u0161pi\u0107 obi\u0161le laboratorije u kojima su prisustvovale demonstraciji analize mikroplastike u uzorcima zraka i vode.<\/p>\n<p>Nakon predavanja i prakti\u010dnog dijela u\u010denice i mentorice iz Vara\u017edina, Pule i Bjelovara odr\u017eale su radni sastanak na kojem su dogovoreni daljnji koraci u realizaciji zajedni\u010dkog projekta. Podijeljeni su konkretni zadatci po \u0161kolama kako bi se osigurala \u0161to kvalitetnija prezentacija teme na predstoje\u0107oj smotri E-medica, a sljede\u0107i susret svih sudionika zakazan je za po\u010detak listopada u Bjelovaru.<\/p>\n<p>Na\u0161e su se u\u010denice vratile pune dojmova i novih ideja isti\u010du\u0107i kako im je takvo iskustvo neposrednog uvida u znanstveni rad i razgovor s vrhunskim znanstvenicama otvorilo nove perspektive te ih dodatno motiviralo za daljnje bavljenje tom va\u017enom ekolo\u0161kom tematikom.<\/p>\n<p>\u00a0<\/p>\n<p>Nata\u0161a Vukovi\u0107, prof. izvrsna savjetnica<\/p>\n\n\t\t<style type=\"text\/css\">\n\t\t\t#gallery-1 {\n\t\t\t\tmargin: auto;\n\t\t\t}\n\t\t\t#gallery-1 .gallery-item {\n\t\t\t\tfloat: left;\n\t\t\t\tmargin-top: 10px;\n\t\t\t\ttext-align: center;\n\t\t\t\twidth: 25%;\n\t\t\t}\n\t\t\t#gallery-1 img {\n\t\t\t\tborder: 2px solid #cfcfcf;\n\t\t\t}\n\t\t\t#gallery-1 .gallery-caption {\n\t\t\t\tmargin-left: 0;\n\t\t\t}\n\t\t\t\/* see gallery_shortcode() in wp-includes\/media.php *\/\n\t\t<\/style>\n\t\t<div id='gallery-1' class='gallery galleryid-18813 gallery-columns-4 gallery-size-large'><dl class='gallery-item'>\n\t\t\t<dt class='gallery-icon landscape'>\n\t\t\t\t<a href='https:\/\/www.medskvz.org\/web\/wp-content\/uploads\/2026\/04\/mikroplastika-3-scaled.jpg'><img width=\"1024\" height=\"768\" src=\"https:\/\/www.medskvz.org\/web\/wp-content\/uploads\/2026\/04\/mikroplastika-3-1024x768.jpg\" class=\"attachment-large size-large colorbox-18813 \" alt=\"\" loading=\"lazy\" srcset=\"https:\/\/www.medskvz.org\/web\/wp-content\/uploads\/2026\/04\/mikroplastika-3-1024x768.jpg 1024w, https:\/\/www.medskvz.org\/web\/wp-content\/uploads\/2026\/04\/mikroplastika-3-300x225.jpg 300w, https:\/\/www.medskvz.org\/web\/wp-content\/uploads\/2026\/04\/mikroplastika-3-768x576.jpg 768w, https:\/\/www.medskvz.org\/web\/wp-content\/uploads\/2026\/04\/mikroplastika-3-1536x1152.jpg 1536w, https:\/\/www.medskvz.org\/web\/wp-content\/uploads\/2026\/04\/mikroplastika-3-2048x1536.jpg 2048w\" sizes=\"(max-width: 1024px) 100vw, 1024px\" \/><\/a>\n\t\t\t<\/dt><\/dl><dl class='gallery-item'>\n\t\t\t<dt class='gallery-icon landscape'>\n\t\t\t\t<a href='https:\/\/www.medskvz.org\/web\/wp-content\/uploads\/2026\/04\/mikroplastika-1-scaled.jpg'><img width=\"1024\" height=\"768\" src=\"https:\/\/www.medskvz.org\/web\/wp-content\/uploads\/2026\/04\/mikroplastika-1-1024x768.jpg\" class=\"attachment-large size-large colorbox-18813 \" alt=\"\" loading=\"lazy\" srcset=\"https:\/\/www.medskvz.org\/web\/wp-content\/uploads\/2026\/04\/mikroplastika-1-1024x768.jpg 1024w, https:\/\/www.medskvz.org\/web\/wp-content\/uploads\/2026\/04\/mikroplastika-1-300x225.jpg 300w, https:\/\/www.medskvz.org\/web\/wp-content\/uploads\/2026\/04\/mikroplastika-1-768x576.jpg 768w, https:\/\/www.medskvz.org\/web\/wp-content\/uploads\/2026\/04\/mikroplastika-1-1536x1152.jpg 1536w, https:\/\/www.medskvz.org\/web\/wp-content\/uploads\/2026\/04\/mikroplastika-1-2048x1536.jpg 2048w\" sizes=\"(max-width: 1024px) 100vw, 1024px\" \/><\/a>\n\t\t\t<\/dt><\/dl><dl class='gallery-item'>\n\t\t\t<dt class='gallery-icon landscape'>\n\t\t\t\t<a href='https:\/\/www.medskvz.org\/web\/wp-content\/uploads\/2026\/04\/mikroplastika-11-1.jpg'><img width=\"1024\" height=\"576\" src=\"https:\/\/www.medskvz.org\/web\/wp-content\/uploads\/2026\/04\/mikroplastika-11-1-1024x576.jpg\" class=\"attachment-large size-large colorbox-18813 \" alt=\"\" loading=\"lazy\" srcset=\"https:\/\/www.medskvz.org\/web\/wp-content\/uploads\/2026\/04\/mikroplastika-11-1-1024x576.jpg 1024w, https:\/\/www.medskvz.org\/web\/wp-content\/uploads\/2026\/04\/mikroplastika-11-1-300x169.jpg 300w, https:\/\/www.medskvz.org\/web\/wp-content\/uploads\/2026\/04\/mikroplastika-11-1-768x432.jpg 768w, https:\/\/www.medskvz.org\/web\/wp-content\/uploads\/2026\/04\/mikroplastika-11-1-1536x864.jpg 1536w, https:\/\/www.medskvz.org\/web\/wp-content\/uploads\/2026\/04\/mikroplastika-11-1.jpg 1600w\" sizes=\"(max-width: 1024px) 100vw, 1024px\" \/><\/a>\n\t\t\t<\/dt><\/dl><dl class='gallery-item'>\n\t\t\t<dt class='gallery-icon landscape'>\n\t\t\t\t<a href='https:\/\/www.medskvz.org\/web\/wp-content\/uploads\/2026\/04\/mikroplastika-2-scaled.jpg'><img width=\"1024\" height=\"768\" src=\"https:\/\/www.medskvz.org\/web\/wp-content\/uploads\/2026\/04\/mikroplastika-2-1024x768.jpg\" class=\"attachment-large size-large colorbox-18813 \" alt=\"\" loading=\"lazy\" srcset=\"https:\/\/www.medskvz.org\/web\/wp-content\/uploads\/2026\/04\/mikroplastika-2-1024x768.jpg 1024w, https:\/\/www.medskvz.org\/web\/wp-content\/uploads\/2026\/04\/mikroplastika-2-300x225.jpg 300w, https:\/\/www.medskvz.org\/web\/wp-content\/uploads\/2026\/04\/mikroplastika-2-768x576.jpg 768w, https:\/\/www.medskvz.org\/web\/wp-content\/uploads\/2026\/04\/mikroplastika-2-1536x1152.jpg 1536w, https:\/\/www.medskvz.org\/web\/wp-content\/uploads\/2026\/04\/mikroplastika-2-2048x1536.jpg 2048w\" sizes=\"(max-width: 1024px) 100vw, 1024px\" \/><\/a>\n\t\t\t<\/dt><\/dl><br style=\"clear: both\" \/>\n\t\t<\/div>\n\n","protected":false},"excerpt":{"rendered":"<div class=\"slide-text-bg2\"><span>\u00a0 U sklopu me\u0111unarodnog projekta E-medica u\u010denice Medicinske \u0161kole Dora Majhen i Marta Borak, u pratnji mentorice Nata\u0161e Vukovi\u0107, posjetile su 23. tr<\/span><\/div>\n<div class=\"slide-btn-area-sm\"><a href=\"https:\/\/www.medskvz.org\/web\/2026\/04\/posjet-institutu-za-medicinska-istrazivanja-i-medicinu-rada-imi\/\" class=\"slide-btn-sm\">Pro\u010ditaj vi\u0161e<\/a><\/div>\n","protected":false},"author":11,"featured_media":18814,"comment_status":"closed","ping_status":"open","sticky":false,"template":"","format":"standard","meta":[],"categories":[1],"tags":[],"_links":{"self":[{"href":"https:\/\/www.medskvz.org\/web\/wp-json\/wp\/v2\/posts\/18813"}],"collection":[{"href":"https:\/\/www.medskvz.org\/web\/wp-json\/wp\/v2\/posts"}],"about":[{"href":"https:\/\/www.medskvz.org\/web\/wp-json\/wp\/v2\/types\/post"}],"author":[{"embeddable":true,"href":"https:\/\/www.medskvz.org\/web\/wp-json\/wp\/v2\/users\/11"}],"replies":[{"embeddable":true,"href":"https:\/\/www.medskvz.org\/web\/wp-json\/wp\/v2\/comments?post=18813"}],"version-history":[{"count":1,"href":"https:\/\/www.medskvz.org\/web\/wp-json\/wp\/v2\/posts\/18813\/revisions"}],"predecessor-version":[{"id":18819,"href":"https:\/\/www.medskvz.org\/web\/wp-json\/wp\/v2\/posts\/18813\/revisions\/18819"}],"wp:featuredmedia":[{"embeddable":true,"href":"https:\/\/www.medskvz.org\/web\/wp-json\/wp\/v2\/media\/18814"}],"wp:attachment":[{"href":"https:\/\/www.medskvz.org\/web\/wp-json\/wp\/v2\/media?parent=18813"}],"wp:term":[{"taxonomy":"category","embeddable":true,"href":"https:\/\/www.medskvz.org\/web\/wp-json\/wp\/v2\/categories?post=18813"},{"taxonomy":"post_tag","embeddable":true,"href":"https:\/\/www.medskvz.org\/web\/wp-json\/wp\/v2\/tags?post=18813"}],"curies":[{"name":"wp","href":"https:\/\/api.w.org\/{rel}","templated":true}]}}