{"id":17800,"date":"2025-10-13T12:29:21","date_gmt":"2025-10-13T10:29:21","guid":{"rendered":"https:\/\/www.medskvz.org\/web\/?p=17800"},"modified":"2025-10-14T20:17:32","modified_gmt":"2025-10-14T18:17:32","slug":"obiljezavanje-svjetskog-dana-hospicija-i-palijativne-skrbi-u-medicinskoj-skoli-varazdin","status":"publish","type":"post","link":"https:\/\/www.medskvz.org\/web\/2025\/10\/obiljezavanje-svjetskog-dana-hospicija-i-palijativne-skrbi-u-medicinskoj-skoli-varazdin\/","title":{"rendered":"Obilje\u017eavanje Svjetskog dana hospicija i palijativne skrbi u Medicinskoj \u0161koli Vara\u017edin"},"content":{"rendered":"<p>S<strong>vjetski dan hospicija i palijativne skrbi prigodno je obilje\u017een <\/strong><strong>9. listopada 2025. <\/strong>u <strong>Medicinskoj \u0161koli Vara\u017edin<\/strong>. Taj dan obilje\u017eava se svake godine s ciljem <strong>podizanja svijesti o va\u017enosti palijativne skrbi<\/strong> koja predstavlja sveobuhvatan pristup brizi za osobe suo\u010dene s te\u0161kim i neizlje\u010divim bolestima. Tom prilikom istaknuta je <strong>va\u017enost suosje\u0107anja, dostojanstva i podr\u0161ke<\/strong> \u2013 ne samo pacijentima nego i njihovim obiteljima. Palijativna skrb poma\u017ee ljudima da unato\u010d bolesti \u017eive \u0161to kvalitetnije, s naglaskom na o\u010duvanje <strong>fizi\u010dke, psiholo\u0161ke, socijalne i duhovne dobrobiti.<\/strong><\/p>\n<p>U obilje\u017eavanju su sudjelovali u\u010denici <strong>5. a razreda<\/strong> smjera <strong>medicinska sestra op\u0107e njege \/ medicinski tehni\u010dar op\u0107e njege<\/strong> pod stru\u010dnim vodstvom nastavnica <strong>Elizabete Antolovi\u0107 Alkovi\u0107<\/strong>, <strong>Smiljane Furdi<\/strong> i <strong>Marine Golek Mikuli\u0107<\/strong>.<\/p>\n<p><img loading=\"lazy\" class=\"aligncenter wp-image-17802 size-large colorbox-17800\" src=\"https:\/\/www.medskvz.org\/web\/wp-content\/uploads\/2025\/10\/2-1024x404.jpg\" alt=\"\" width=\"1024\" height=\"404\" srcset=\"https:\/\/www.medskvz.org\/web\/wp-content\/uploads\/2025\/10\/2-1024x404.jpg 1024w, https:\/\/www.medskvz.org\/web\/wp-content\/uploads\/2025\/10\/2-300x118.jpg 300w, https:\/\/www.medskvz.org\/web\/wp-content\/uploads\/2025\/10\/2-768x303.jpg 768w, https:\/\/www.medskvz.org\/web\/wp-content\/uploads\/2025\/10\/2.jpg 1108w\" sizes=\"(max-width: 1024px) 100vw, 1024px\" \/><\/p>\n<p>Stru\u010dno predavanje o ulozi i zna\u010daju palijativne skrbi u zdravstvenom sustavu odr\u017eala je <strong>Ivana Martinec, univ. mag. med. techn.<\/strong>, <strong>koordinatorica za palijativnu skrb Vara\u017edinske \u017eupanije. <\/strong>Tijekom predavanja govorilo se o <strong>va\u017enosti holisti\u010dkog pristupa<\/strong> u skrbi za te\u0161ko bolesne osobe, nagla\u0161ena je iznimna <strong>uloga medicinske sestre<\/strong> u o\u010duvanju dostojanstva i kvalitete \u017eivota pacijenata te su se istaknuli <strong>emocionalni i eti\u010dki izazovi<\/strong> s kojima se zdravstveni djelatnici svakodnevno susre\u0107u u radu s pacijentima i njihovim obiteljima.<\/p>\n<p><img loading=\"lazy\" class=\"aligncenter wp-image-17803 size-large colorbox-17800\" src=\"https:\/\/www.medskvz.org\/web\/wp-content\/uploads\/2025\/10\/3-1024x387.jpg\" alt=\"\" width=\"1024\" height=\"387\" srcset=\"https:\/\/www.medskvz.org\/web\/wp-content\/uploads\/2025\/10\/3-1024x387.jpg 1024w, https:\/\/www.medskvz.org\/web\/wp-content\/uploads\/2025\/10\/3-300x113.jpg 300w, https:\/\/www.medskvz.org\/web\/wp-content\/uploads\/2025\/10\/3-768x290.jpg 768w, https:\/\/www.medskvz.org\/web\/wp-content\/uploads\/2025\/10\/3.jpg 1041w\" sizes=\"(max-width: 1024px) 100vw, 1024px\" \/><\/p>\n<p>Koordinatorica je ujedno predstavila <strong>rad i organizaciju Djelatnosti za palijativnu skrb Doma zdravlja Vara\u017edinske \u017eupanije<\/strong>, s primjerima dobre prakse i stvarnim iskustvima rada na terenu, naglasiv\u0161i va\u017enost suradnje svih \u010dlanova zdravstvenog tima u pru\u017eanju kvalitetne palijativne skrbi.<\/p>\n<p>Cilj obilje\u017eavanja Svjetskog dana hospicija i palijativne skrbi bio je <strong>senzibilizirati u\u010denike i nastavnike za va\u017enost palijativne skrbi<\/strong><strong>,<\/strong> potaknuti promi\u0161ljanje o <strong>dostojanstvu \u017eivota u njegovoj zavr\u0161noj fazi<\/strong> te <strong>osna\u017eiti svijest o ulozi zdravstvenih djelatnika<\/strong> u pru\u017eanju podr\u0161ke pacijentima i njihovim obiteljima.<\/p>\n<p><img loading=\"lazy\" class=\"aligncenter wp-image-17804 size-full colorbox-17800\" src=\"https:\/\/www.medskvz.org\/web\/wp-content\/uploads\/2025\/10\/4.jpg\" alt=\"\" width=\"781\" height=\"586\" srcset=\"https:\/\/www.medskvz.org\/web\/wp-content\/uploads\/2025\/10\/4.jpg 781w, https:\/\/www.medskvz.org\/web\/wp-content\/uploads\/2025\/10\/4-300x225.jpg 300w, https:\/\/www.medskvz.org\/web\/wp-content\/uploads\/2025\/10\/4-768x576.jpg 768w\" sizes=\"(max-width: 781px) 100vw, 781px\" \/><\/p>\n<p>Organizacijom navedenog doga\u0111anja Medicinska \u0161kola Vara\u017edin potvrdila je svoju <strong>predanost promicanju humanosti, empatije i profesionalnih vrijednosti<\/strong> u obrazovanju budu\u0107ih medicinskih sestara i tehni\u010dara.<\/p>\n<p>Pripremila i organizirala: Marina Golek Mikuli\u0107, mag. med. techn.<\/p>\n","protected":false},"excerpt":{"rendered":"<div class=\"slide-text-bg2\"><span>Svjetski dan hospicija i palijativne skrbi prigodno je obilje\u017een 9. listopada 2025. u Medicinskoj \u0161koli Vara\u017edin. Taj dan obilje\u017eava se svake godine s <\/span><\/div>\n<div class=\"slide-btn-area-sm\"><a href=\"https:\/\/www.medskvz.org\/web\/2025\/10\/obiljezavanje-svjetskog-dana-hospicija-i-palijativne-skrbi-u-medicinskoj-skoli-varazdin\/\" class=\"slide-btn-sm\">Pro\u010ditaj vi\u0161e<\/a><\/div>\n","protected":false},"author":11,"featured_media":17801,"comment_status":"closed","ping_status":"open","sticky":false,"template":"","format":"standard","meta":[],"categories":[1],"tags":[],"_links":{"self":[{"href":"https:\/\/www.medskvz.org\/web\/wp-json\/wp\/v2\/posts\/17800"}],"collection":[{"href":"https:\/\/www.medskvz.org\/web\/wp-json\/wp\/v2\/posts"}],"about":[{"href":"https:\/\/www.medskvz.org\/web\/wp-json\/wp\/v2\/types\/post"}],"author":[{"embeddable":true,"href":"https:\/\/www.medskvz.org\/web\/wp-json\/wp\/v2\/users\/11"}],"replies":[{"embeddable":true,"href":"https:\/\/www.medskvz.org\/web\/wp-json\/wp\/v2\/comments?post=17800"}],"version-history":[{"count":1,"href":"https:\/\/www.medskvz.org\/web\/wp-json\/wp\/v2\/posts\/17800\/revisions"}],"predecessor-version":[{"id":17805,"href":"https:\/\/www.medskvz.org\/web\/wp-json\/wp\/v2\/posts\/17800\/revisions\/17805"}],"wp:featuredmedia":[{"embeddable":true,"href":"https:\/\/www.medskvz.org\/web\/wp-json\/wp\/v2\/media\/17801"}],"wp:attachment":[{"href":"https:\/\/www.medskvz.org\/web\/wp-json\/wp\/v2\/media?parent=17800"}],"wp:term":[{"taxonomy":"category","embeddable":true,"href":"https:\/\/www.medskvz.org\/web\/wp-json\/wp\/v2\/categories?post=17800"},{"taxonomy":"post_tag","embeddable":true,"href":"https:\/\/www.medskvz.org\/web\/wp-json\/wp\/v2\/tags?post=17800"}],"curies":[{"name":"wp","href":"https:\/\/api.w.org\/{rel}","templated":true}]}}