{"id":15807,"date":"2023-11-27T19:02:00","date_gmt":"2023-11-27T17:02:00","guid":{"rendered":"https:\/\/www.medskvz.org\/web\/?p=15807"},"modified":"2024-07-22T23:28:37","modified_gmt":"2024-07-22T21:28:37","slug":"3-sajam-dani-strukovnih-zanimanja-u-regionalnom-centru-kompetentnosti-inovativnih-zdravstvenih-tehnologija","status":"publish","type":"post","link":"https:\/\/www.medskvz.org\/web\/2023\/11\/3-sajam-dani-strukovnih-zanimanja-u-regionalnom-centru-kompetentnosti-inovativnih-zdravstvenih-tehnologija\/","title":{"rendered":"3. SAJAM \u201eDANI STRUKOVNIH ZANIMANJA U REGIONALNOM CENTRU KOMPETENTNOSTI INOVATIVNIH ZDRAVSTVENIH TEHNOLOGIJA\u201c"},"content":{"rendered":"\n<p>U\u010denici, odrasli polaznici i pojedinci zainteresirani za zanimanja u sektoru zdravstva od 27. studenoga do 1. prosinca 2023.\u00a0 mogli su u jutarnjim satima posjetiti\u00a0 Dane strukovnih zanimanja u Regionalnom centru kompetentnosti u Medicinskoj \u0161koli Vara\u017edin. Rije\u010d je o ve\u0107 tradicionalnoj sajamskoj manifestaciji koja okuplja istaknute stru\u010dnjake, mentore kod poslodavaca, strukovne nastavnike, u\u010denike i njihove roditelje radi razmjene znanja i iskustava u razli\u010ditim strukama za koje se \u0161koluju u\u010denici Medicinske \u0161kole Vara\u017edin i odrasli polaznici Regionalnoga centra. Ovogodi\u0161nji sajam osobit je po tome \u0161to je u ve\u0107oj mjeri privukao u\u010denike osnovnih \u0161kola kojima su zanimanja u zdravstvenom sektoru osobito privla\u010dna. Sveukupno se u manifestaciju uklju\u010dilo gotovo petstotinjak sudionika, predava\u010da i posjetitelja, u pet dana sajma.<\/p>\n<p>I ove godine svaki je sajmeni dan bio u znaku jedne struke. Tako su se u ponedjeljak, 27. studenoga 2023. predstavile medicinske sestre i tehni\u010dari op\u0107e njege. Nakon \u0161to su u\u010denici 5. a razreda: Barbara \u0160estak, David \u0160tefan, Maja \u0160tekovi\u0107, Iva \u0160antek i Lucija Sankovi\u0107 pod mentorskim vo\u0111enjem magistre sestrinstva Marije Horvat ukratko predstavili svoju struku, osnovne kompetencije medicinske sestre i poslove koje obavlja na svojem radnom mjestu, uslijedilo je stru\u010dno predavanje voditeljice epidemiolo\u0161kih djelatnosti Zavoda za javno zdravstvo Vara\u017edinske \u017eupanije dr. med. spec. epidemiologije Katice \u010cusek Adami\u0107 o iznimno va\u017enoj temi: epidemiologiji raka debelog crijeva i nacionalnom programu ranog otkrivanja raka debelog crijeva. Program ranog otkrivanja raka debelog crijeva zna\u010dajno pridonosi pobolj\u0161anju zdravlja populacije jer se\u00a0 preventivnim mjerama otkrivaju\u00a0 zlo\u0107udni tumori debelog crijeva u\u00a0 ranom i ograni\u010denom stadiju, u stadiju premalignih lezija ili ranih karcinoma, kada su izgledi za izlje\u010denjem veliki, naglasila je \u010cusek-Adami\u0107. Program prvoga dana Sajma zaokru\u017een je i kazivanjem monologa iz romana \u201eGre\u0161ka u na\u0161im zvijezdama\u201c J. Greena u\u010denice Anamarije Zavrtnik.<\/p>\n<p>\u00a0<\/p>\n<p>Budu\u0107i zdravstveno-laboratorijski tehni\u010dari iz 4. c razreda: Nikolina Laba\u0161, Dominik Novak, Marko Kataleni\u0107, Terezija \u0160amuga, Lucija Kuni\u0107, Ines Lon\u010dar, Marina Sankovi\u0107, Klara, Jerkovi\u0107, Mateja Vrabec svoju su struku predstavili kratkim znanstveno-popularnim predavanjem pod nazivom \u201eDruga strana supermo\u0107i\u201c za koje ih je pripremila profesorica izvrsna savjetnica Nata\u0161a Vukovi\u0107. U\u010denici su govorili o uvijek aktualnoj temi uporabe i djelovanja psihostimulansa. Stru\u010dno je predavanje u\u00a0 sredi\u0161njem dijelu programa odr\u017eala doktorica medicine Suzana Tuti\u0107 Lazi\u0107. Ona je \u00a0predstavila Banku tkiva u Hrvatskoj. Ta se banka nalazi pri Klini\u010dkom bolni\u010dkom centru u Zagrebu.\u00a0 Banka tkiva dio je Hrvatske banke tkiva i stanica me\u0111u kojim se nalaze banka krvi iz pupkovine, banka humanoga mlijeka, banka reproduktivnog tkiva i banka tkiva koje omogu\u0107uju suvremeno i inovativno lije\u010denje mati\u010dnim stanicama ili prehranjivanje dojen\u010dadi koja ne mo\u017ee primiti mlijeko svoje vlastite majke. Ovo predavanje plod je nedavno uspostavljene suradnje Regionalnog centra kompetentnosti s Klini\u010dkim bolni\u010dkim centrom u Zagrebu. Nakon predavanja umjetni\u010dki je predah omogu\u0107ila u\u010denica Mateja Vrabec koja je publici kazivala pjesmu Tina Ujevi\u0107a \u2013 \u201eIgra\u010dka vjetrova\u201c.<\/p>\n<p>U srijedu su se zainteresiranoj publici predstavili farmaceutski tehni\u010dari. U\u010denici 3. c razreda: Dora Dikli\u0107, Tea Markovi\u0107, Lorena \u017dupani\u0107, Ema Borkovi\u0107, Lana Jurgec, Emili Sabol, Klara Pomper, Leona Margi\u0107, Luna Fink, Dorian Habulan i Jurica Kresonja pod mentorskim vodstvom strukovnih nastavnica, magistra Marije Novak i Eleonore De Lai, osim \u0161to su pripremili stru\u010dno predavanje izveli su i kratku dramsku igru. U toj igri na duhovit su na\u010din prikazali razli\u010dite komunikacije situacije s kojima se u svojem svakodnevnom radu susre\u0107u farmaceutski tehni\u010dari, pri \u010demu su iznimno va\u017ene komunikacijske vje\u0161tine za rje\u0161avanje nastalih nesporazuma. \u00a0Carmen Pacadi Po\u010dek, magistra klini\u010dke farmacije, u svojem je stru\u010dnom izlaganju progovorila o ulozi ljekarni\u010dkog tima u javnozdravstvenim akcijama. \u00a0Rije\u010d je o akcijama usmjerenim na preveniranje hipertenzijske bolesti, dijabetesa i drugog. Magistra Pacadi Po\u010dek o ovoj temi u\u010destalo pi\u0161e i u razli\u010ditim znanstvenopopularnim publikacijama i javnim portalima. Na kraju je svojim argumentiranim javnim govorom u\u010denica Beata Talan, polaznica prirodoslovne gimnazije, ukazala o va\u017enosti pravilne uporabe lijekova.<\/p>\n<p>\u010cetvrti sajmeni dan, u \u010detvrtak, svoju su struku prikazali fizioterapeutski tehni\u010dari Adam \u0160tefan, Marta Milovec, Rhianna Pavi\u0107 i Lovro Klane\u010dek, u\u010denici 2. d razreda, pod mentorskim vodstvom strukovnog nastavnika, stru\u010dnog prvostupnika fizioterapije, Vjekoslava Pokosa. Oni su za mnogobrojne u\u010denike osnovnih \u0161kola, kojima je ovo zdravstveno zanimanje iznimno privla\u010dno, odr\u017eali uvodni sat anatomije. Nakon njih o ulozi fizioterapeuta u sportu, s naglaskom na biciklizmu, govorio je stru\u010dni prvostupnik fizioterapije Marko Ko\u0161\u010dak koje sam i biv\u0161i u\u010denik Medicinske \u0161kole Vara\u017edin, a danas i aktivan biciklist.<\/p>\n<p>Posljednji sajmeni dan, petak ujutro, bio je posve\u0107en dentalnim tehni\u010darima i kompetencijama potrebnima u njihovom budu\u0107em radu. Pod mentorskim vodstvom strukovne nastavnice Marije Dr\u017eani\u0107, dentalne tehni\u010darke, u\u010denici 3. b razreda: Jurica Hoh\u0161teter i Iva Fadiga, prikazali su koje su vje\u0161tine potrebne za preciznu i estetsku izradu razli\u010ditih dentalnih pomagala. Dentalna tehnika danas mora i\u0107i u korak s vremenom, \u0161to podrazumijeva usvajanje novih tehnologija, materijala i znanja. Jedna od tih tehnologija je i 3d printer metala, koji zamjenjuje tradicionalne tehnike rada u dentalnoj medicini, istaknuo je u svojem izlaganju pozvani predava\u010d, dentalni tehni\u010dar Emil Juri\u010d.<\/p>\n<p>Svaki Dan strukovnih zanimanja u Regionalnom centru kompetentnosti zavr\u0161en je stru\u010dnim obilaskom novoopremljenih stru\u010dnih laboratorija i specijaliziranih u\u010dionica i kabineta. Tijekom obilaska svi su se posjetitelji mogli upoznati s najnovijom opremom s kojom \u0107e polaznici Regionalnog centra kompetentnosti inovativnih zdravstvenih tehnologija u\u010diti i stjecati vje\u0161tine potrebne za uspje\u0161an ulazak u svijet rada u sektoru zdravstva. Ovakve manifestacije stvaraju potrebnu vezu izme\u0111u u\u010denika i njihovih budu\u0107ih poslodavaca te omogu\u0107uju ustanovi da u svojim obrazovnim programima i kurikulima ponudi najpo\u017eeljnija znanja i vje\u0161tine polaznicima svojih odgojno-obrazovnih programa.<\/p>\n<p>Sun\u010dica Podore\u0161ki, voditeljica projektne aktivnosti<\/p>\n<p>\u00a0<\/p>\n<p>\u00a0<\/p>\n<p>\u00a0<\/p>\n<p>\u00a0<\/p>\n","protected":false},"excerpt":{"rendered":"<div class=\"slide-text-bg2\"><span>U\u010denici, odrasli polaznici i pojedinci zainteresirani za zanimanja u sektoru zdravstva od 27. studenoga do 1. prosinca 2023.\u00a0 mogli su u jutarnjim satima<\/span><\/div>\n<div class=\"slide-btn-area-sm\"><a href=\"https:\/\/www.medskvz.org\/web\/2023\/11\/3-sajam-dani-strukovnih-zanimanja-u-regionalnom-centru-kompetentnosti-inovativnih-zdravstvenih-tehnologija\/\" class=\"slide-btn-sm\">Pro\u010ditaj vi\u0161e<\/a><\/div>\n","protected":false},"author":11,"featured_media":0,"comment_status":"closed","ping_status":"open","sticky":false,"template":"","format":"standard","meta":[],"categories":[1,67,69],"tags":[],"_links":{"self":[{"href":"https:\/\/www.medskvz.org\/web\/wp-json\/wp\/v2\/posts\/15807"}],"collection":[{"href":"https:\/\/www.medskvz.org\/web\/wp-json\/wp\/v2\/posts"}],"about":[{"href":"https:\/\/www.medskvz.org\/web\/wp-json\/wp\/v2\/types\/post"}],"author":[{"embeddable":true,"href":"https:\/\/www.medskvz.org\/web\/wp-json\/wp\/v2\/users\/11"}],"replies":[{"embeddable":true,"href":"https:\/\/www.medskvz.org\/web\/wp-json\/wp\/v2\/comments?post=15807"}],"version-history":[{"count":1,"href":"https:\/\/www.medskvz.org\/web\/wp-json\/wp\/v2\/posts\/15807\/revisions"}],"predecessor-version":[{"id":15808,"href":"https:\/\/www.medskvz.org\/web\/wp-json\/wp\/v2\/posts\/15807\/revisions\/15808"}],"wp:attachment":[{"href":"https:\/\/www.medskvz.org\/web\/wp-json\/wp\/v2\/media?parent=15807"}],"wp:term":[{"taxonomy":"category","embeddable":true,"href":"https:\/\/www.medskvz.org\/web\/wp-json\/wp\/v2\/categories?post=15807"},{"taxonomy":"post_tag","embeddable":true,"href":"https:\/\/www.medskvz.org\/web\/wp-json\/wp\/v2\/tags?post=15807"}],"curies":[{"name":"wp","href":"https:\/\/api.w.org\/{rel}","templated":true}]}}