{"id":15638,"date":"2023-12-08T17:14:00","date_gmt":"2023-12-08T15:14:00","guid":{"rendered":"https:\/\/www.medskvz.org\/web\/?p=15638"},"modified":"2024-07-22T23:28:23","modified_gmt":"2024-07-22T21:28:23","slug":"odrzana-je-zavrsna-konferencija-projekta-rekonstrukcija-i-dogradnja-regionalnog-centra-kompetentnosti-inovativnih-zdravstvenih-tehnologija-pri-medicinskoj-skoli-varazdin-ref-br-kk-09-1-3-01-0007","status":"publish","type":"post","link":"https:\/\/www.medskvz.org\/web\/2023\/12\/odrzana-je-zavrsna-konferencija-projekta-rekonstrukcija-i-dogradnja-regionalnog-centra-kompetentnosti-inovativnih-zdravstvenih-tehnologija-pri-medicinskoj-skoli-varazdin-ref-br-kk-09-1-3-01-0007\/","title":{"rendered":"Odr\u017eana je zavr\u0161na konferencija projekta Rekonstrukcija i dogradnja Regionalnog centra kompetentnosti inovativnih zdravstvenih tehnologija pri Medicinskoj \u0161koli Vara\u017edin, ref.br. KK.09.1.3.01.0007"},"content":{"rendered":"\n<p>\u00a0\u00a0\u00a0\u00a0\u00a0\u00a0\u00a0\u00a0\u00a0\u00a0\u00a0\u00a0\u00a0\u00a0<\/p>\n<p>U Medicinskoj \u0161koli Vara\u017edin 8. prosinca 2023. odr\u017eana je zavr\u0161na konferencija Projekta vrijednog oko \u010detiri milijuna eura koji je sufinancirala Europska unija iz Europskog fonda za regionalni razvoj kroz Operativni program <em>Konkurentnost i kohezija 2014. \u2013 2020.<\/em>, Prioritetnu os 9 <em>Obrazovanje, vje\u0161tine i cjelo\u017eivotno u\u010denje. <\/em>Tim se Projektom unaprijedilo redovno obrazovanje svih smjerova u podru\u010dju zdravstava, a \u0161koli je omogu\u0107eno da postane Centar za stalno stru\u010dno usavr\u0161avanje i obrazovanje odraslih.<\/p>\n<p>Zavr\u0161noj konferenciji prisustvovali su uz ravnateljicu \u0161kole i voditeljicu Projekta Mirjanu Grabar Kruljac i predstavnici \u0161kole, predstavnici osniva\u010da kao projektnog partnera i suradnici na Projektu: Hrvatski zavod za zapo\u0161ljavanje-Regionalni ured Vara\u017edin, Javna ustanova za regionalni razvoj Vara\u017edinske \u017eupanije, Srednja \u0161kola \u010cakovec i ValMod centar, logopedija, Vara\u017edin.<\/p>\n<p><img loading=\"lazy\" class=\" wp-image-15643 aligncenter colorbox-15638\" src=\"https:\/\/www.medskvz.org\/web\/wp-content\/uploads\/2024\/02\/slika_8.12.D-300x200.jpg\" alt=\"\" width=\"659\" height=\"439\" srcset=\"https:\/\/www.medskvz.org\/web\/wp-content\/uploads\/2024\/02\/slika_8.12.D-300x200.jpg 300w, https:\/\/www.medskvz.org\/web\/wp-content\/uploads\/2024\/02\/slika_8.12.D-768x511.jpg 768w, https:\/\/www.medskvz.org\/web\/wp-content\/uploads\/2024\/02\/slika_8.12.D.jpg 860w\" sizes=\"(max-width: 659px) 100vw, 659px\" \/><\/p>\n<p>Pro\u010delnik Upravnog odjela za prosvjetu, kulturu i sport Vara\u017edinske \u017eupanije\u00a0Miroslav Hu\u0111ek istaknuo je kako je rije\u010d o funkcionalnoj cjelini i pedago\u0161kom standardu koji je rijetko vi\u0111en u Hrvatskoj. Naglasio je da prekrasni infrastrukturni objekt uz 2,5 tisu\u0107e rekonstruiranog postoje\u0107eg prostora ima i 2,5 tisu\u0107a novoizgra\u0111enog prostora, \u0161to zna\u010di da ima sve preduvjete za postizanje izvrsnosti i unapre\u0111enje pedago\u0161kog standarda.<\/p>\n<p><img loading=\"lazy\" class=\" wp-image-15642 aligncenter colorbox-15638\" src=\"https:\/\/www.medskvz.org\/web\/wp-content\/uploads\/2024\/02\/slika_8.12.B-300x200.jpg\" alt=\"\" width=\"618\" height=\"412\" srcset=\"https:\/\/www.medskvz.org\/web\/wp-content\/uploads\/2024\/02\/slika_8.12.B-300x200.jpg 300w, https:\/\/www.medskvz.org\/web\/wp-content\/uploads\/2024\/02\/slika_8.12.B-768x511.jpg 768w, https:\/\/www.medskvz.org\/web\/wp-content\/uploads\/2024\/02\/slika_8.12.B.jpg 860w\" sizes=\"(max-width: 618px) 100vw, 618px\" \/><\/p>\n<p>Nazo\u010dnima se obratila i predstavnica nastavnika profesorica Tamara Brezni\u010dar Talan koja se osvrnula na odli\u010dne rezultate po kojima su u\u010denici Medicinske \u0161kole poznati od osnutka \u0161kole 1958. i istaknula kako su zahvaljuju\u0107i iznimno opremljenim laboratorijima i specijaliziranim u\u010dionicama na po\u010detku jednog novog izazova, a na to se nadovezala i predstavnica u\u010denika i naglasila kako su u\u010denici sretni \u0161to su napokon u vlastitom prostoru koji ih motivira na daljnji rast i te\u017enju uspjehu.<\/p>\n<p><img loading=\"lazy\" class=\" wp-image-15644 aligncenter colorbox-15638\" src=\"https:\/\/www.medskvz.org\/web\/wp-content\/uploads\/2024\/02\/slika_8.12.C-300x200.jpg\" alt=\"\" width=\"596\" height=\"397\" srcset=\"https:\/\/www.medskvz.org\/web\/wp-content\/uploads\/2024\/02\/slika_8.12.C-300x200.jpg 300w, https:\/\/www.medskvz.org\/web\/wp-content\/uploads\/2024\/02\/slika_8.12.C-768x511.jpg 768w, https:\/\/www.medskvz.org\/web\/wp-content\/uploads\/2024\/02\/slika_8.12.C.jpg 860w\" sizes=\"(max-width: 596px) 100vw, 596px\" \/><\/p>\n<p>\u00a0<\/p>\n<p>Ravnateljica Mirjana Grabar Kruljac posebno je nadodala da je \u0161kola u ovom trenutku zapravo na po\u010detku i da nas prostorni preduvjeti (edukacijsko-simulacijski dio za zdravstvenu njegu, operacij\u00adsko-demonstracijska sala, laboratorij za sanitarnu i zdravstveno-laboratorijsku dija\u00adgnostiku, kabineti za fizikalnu medicinu i rehabi\u00adlitaciju, dentalnu laboratorijsku-pro\u00adtetiku, farmaceutsko-analiti\u010dki dio, centar za mentalno zdravlje, neu\u00adrosenzomotori\u010dka dvorana) i mnogobrojne edukacije nastavnika u skladu s najnovijim stru\u010dno-pedago\u0161kim spoznajama obvezuju da budemo jo\u0161 bolji.<\/p>\n<p>\u00a0<\/p>\n<p>\u00a0<\/p>\n<p><strong>\u00a0<\/strong><\/p>\n","protected":false},"excerpt":{"rendered":"<div class=\"slide-text-bg2\"><span>\u00a0\u00a0\u00a0\u00a0\u00a0\u00a0\u00a0\u00a0\u00a0\u00a0\u00a0\u00a0\u00a0\u00a0 U Medicinskoj \u0161koli Vara\u017edin 8. prosinca 2023. odr\u017eana je zavr\u0161na konferencija Projekta vrijednog oko \u010detiri milijuna eur<\/span><\/div>\n<div class=\"slide-btn-area-sm\"><a href=\"https:\/\/www.medskvz.org\/web\/2023\/12\/odrzana-je-zavrsna-konferencija-projekta-rekonstrukcija-i-dogradnja-regionalnog-centra-kompetentnosti-inovativnih-zdravstvenih-tehnologija-pri-medicinskoj-skoli-varazdin-ref-br-kk-09-1-3-01-0007\/\" class=\"slide-btn-sm\">Pro\u010ditaj vi\u0161e<\/a><\/div>\n","protected":false},"author":11,"featured_media":15641,"comment_status":"closed","ping_status":"open","sticky":false,"template":"","format":"standard","meta":[],"categories":[1,65,69],"tags":[],"_links":{"self":[{"href":"https:\/\/www.medskvz.org\/web\/wp-json\/wp\/v2\/posts\/15638"}],"collection":[{"href":"https:\/\/www.medskvz.org\/web\/wp-json\/wp\/v2\/posts"}],"about":[{"href":"https:\/\/www.medskvz.org\/web\/wp-json\/wp\/v2\/types\/post"}],"author":[{"embeddable":true,"href":"https:\/\/www.medskvz.org\/web\/wp-json\/wp\/v2\/users\/11"}],"replies":[{"embeddable":true,"href":"https:\/\/www.medskvz.org\/web\/wp-json\/wp\/v2\/comments?post=15638"}],"version-history":[{"count":1,"href":"https:\/\/www.medskvz.org\/web\/wp-json\/wp\/v2\/posts\/15638\/revisions"}],"predecessor-version":[{"id":15645,"href":"https:\/\/www.medskvz.org\/web\/wp-json\/wp\/v2\/posts\/15638\/revisions\/15645"}],"wp:featuredmedia":[{"embeddable":true,"href":"https:\/\/www.medskvz.org\/web\/wp-json\/wp\/v2\/media\/15641"}],"wp:attachment":[{"href":"https:\/\/www.medskvz.org\/web\/wp-json\/wp\/v2\/media?parent=15638"}],"wp:term":[{"taxonomy":"category","embeddable":true,"href":"https:\/\/www.medskvz.org\/web\/wp-json\/wp\/v2\/categories?post=15638"},{"taxonomy":"post_tag","embeddable":true,"href":"https:\/\/www.medskvz.org\/web\/wp-json\/wp\/v2\/tags?post=15638"}],"curies":[{"name":"wp","href":"https:\/\/api.w.org\/{rel}","templated":true}]}}