{"id":15519,"date":"2023-12-27T09:40:43","date_gmt":"2023-12-27T07:40:43","guid":{"rendered":"https:\/\/www.medskvz.org\/web\/?p=15519"},"modified":"2024-07-22T23:21:04","modified_gmt":"2024-07-22T21:21:04","slug":"otvorenje-regionalnog-centra-kompetentnosti-inovativnih-zdravstvenih-tehnologija","status":"publish","type":"post","link":"https:\/\/www.medskvz.org\/web\/2023\/12\/otvorenje-regionalnog-centra-kompetentnosti-inovativnih-zdravstvenih-tehnologija\/","title":{"rendered":"OTVORENJE REGIONALNOG CENTRA KOMPETENTNOSTI INOVATIVNIH ZDRAVSTVENIH TEHNOLOGIJA"},"content":{"rendered":"\n<p>U Medicinskoj \u0161koli Vara\u017edin 24. studenoga 2023. odr\u017eano je sve\u010dano otvorenje\u00a0Regionalnoga centra kompetentnosti inovativnih zdravstvenih tehnologija. Sve\u010danost je zapo\u010dela dr\u017eavnom te akademskom himnom Gaudeamus igitur u izvedbi \u0161kolskog zbora djelatnika \u0161kole pod dirigentskom palicom Gordane Kos Kolar.<br \/>Voditeljica sve\u010danosti bila je nastavnica Sun\u010dica Podore\u0161ki.<\/p>\n<p>U uvodnom dijelu \u0161koli su \u010destitali na vrijednom projektu premijer Andrej Plenkovi\u0107 i vara\u017edinski \u017eupan An\u0111elko Stri\u010dak. Brojnim uzvanicima obratio se predstavnik \u0160kolskoga odbora nastavnik Fabijan Ip\u0161a te maturantica Lorena Dobrani\u0107.<\/p>\n<p><img loading=\"lazy\" class=\" wp-image-15521 aligncenter colorbox-15519\" src=\"https:\/\/www.medskvz.org\/web\/wp-content\/uploads\/2023\/12\/ravnateljica_1-169x300.jpg\" alt=\"\" width=\"432\" height=\"767\" srcset=\"https:\/\/www.medskvz.org\/web\/wp-content\/uploads\/2023\/12\/ravnateljica_1-169x300.jpg 169w, https:\/\/www.medskvz.org\/web\/wp-content\/uploads\/2023\/12\/ravnateljica_1-576x1024.jpg 576w, https:\/\/www.medskvz.org\/web\/wp-content\/uploads\/2023\/12\/ravnateljica_1.jpg 750w\" sizes=\"(max-width: 432px) 100vw, 432px\" \/>\u00a0<\/p>\n<p>\u00a0<\/p>\n<p>Ravnateljica Mirjana Grabar Kruljac izrazila je ponos i zadovoljstvo putom koji je pro\u0161la \u0161kola, od smje\u0161taja u ur\u0161ulinskom samostanu do dana\u0161njeg Regionalnog centra koji uklju\u010duje nadogradnju \u0161kole s 5 000 kvadrata novoure\u0111enih i izgra\u0111enih prostora. Uz u\u010dionice, kuhinju s blagovaonicom, u\u010deni\u010dke garderobe, izgra\u0111en je i edukacijsko-simulacijski centar, prostor za potrebe fizikalne medicine i terapije, dvorana opremljena za rad s djecom s neurosenzomotori\u010dkim pote\u0161ko\u0107ama i fonetskim laboratorijem. \u00a0<\/p>\n<p>Sve\u010danost je zavr\u0161ena pjesmom <em>Tvoja zemlja <\/em>Vice Vukova koju su izveli djelatnici i u\u010denici \u0161kole.<\/p>\n<p><img loading=\"lazy\" class=\"wp-image-15522 aligncenter colorbox-15519\" src=\"https:\/\/www.medskvz.org\/web\/wp-content\/uploads\/2023\/12\/slika-3-300x200.jpg\" alt=\"\" width=\"570\" height=\"380\" srcset=\"https:\/\/www.medskvz.org\/web\/wp-content\/uploads\/2023\/12\/slika-3-300x200.jpg 300w, https:\/\/www.medskvz.org\/web\/wp-content\/uploads\/2023\/12\/slika-3-1024x683.jpg 1024w, https:\/\/www.medskvz.org\/web\/wp-content\/uploads\/2023\/12\/slika-3-768x512.jpg 768w, https:\/\/www.medskvz.org\/web\/wp-content\/uploads\/2023\/12\/slika-3-1536x1024.jpg 1536w, https:\/\/www.medskvz.org\/web\/wp-content\/uploads\/2023\/12\/slika-3.jpg 1600w\" sizes=\"(max-width: 570px) 100vw, 570px\" \/><\/p>\n<p>Na sve\u010danosti su, uz zamjenicu \u017eupana Silviju Zagorec i predsjednika \u017dupanijske skup\u0161tine Vara\u017edinske \u017eupanije Josipa Kri\u017eani\u0107a, bili i ministar znanosti i obrazovanja Radovan Fuchs, saborski zastupnici Damir Habijan, Sini\u0161a Jenka\u010d i Barbara Antoli\u0107 Vupora, eurozastupnica Sun\u010dana Glavak, \u017eupan Koprivni\u010dko-kri\u017eeva\u010dke \u017eupanije Darko Koren, dr\u017eavna tajnica u Ministarstvu zdravstva Marija Buba\u0161 i brojni drugi uzvanici.\u00a0\u00a0<\/p>\n<p><strong>\u00a0\u00a0\u00a0\u00a0\u00a0\u00a0\u00a0\u00a0\u00a0\u00a0\u00a0 <\/strong><\/p>\n<p><strong>\u00a0\u00a0\u00a0\u00a0\u00a0\u00a0\u00a0\u00a0\u00a0\u00a0\u00a0 <\/strong><strong>\u00a0\u00a0\u00a0\u00a0\u00a0\u00a0\u00a0\u00a0\u00a0\u00a0\u00a0\u00a0\u00a0\u00a0\u00a0\u00a0\u00a0\u00a0\u00a0\u00a0\u00a0\u00a0\u00a0 <\/strong><\/p>\n<p>\u00a0<\/p>\n","protected":false},"excerpt":{"rendered":"<div class=\"slide-text-bg2\"><span>U Medicinskoj \u0161koli Vara\u017edin 24. studenoga 2023. odr\u017eano je sve\u010dano otvorenje\u00a0Regionalnoga centra kompetentnosti inovativnih zdravstvenih tehnologija.<\/span><\/div>\n<div class=\"slide-btn-area-sm\"><a href=\"https:\/\/www.medskvz.org\/web\/2023\/12\/otvorenje-regionalnog-centra-kompetentnosti-inovativnih-zdravstvenih-tehnologija\/\" class=\"slide-btn-sm\">Pro\u010ditaj vi\u0161e<\/a><\/div>\n","protected":false},"author":11,"featured_media":15520,"comment_status":"closed","ping_status":"open","sticky":false,"template":"","format":"standard","meta":[],"categories":[1,67,69],"tags":[],"_links":{"self":[{"href":"https:\/\/www.medskvz.org\/web\/wp-json\/wp\/v2\/posts\/15519"}],"collection":[{"href":"https:\/\/www.medskvz.org\/web\/wp-json\/wp\/v2\/posts"}],"about":[{"href":"https:\/\/www.medskvz.org\/web\/wp-json\/wp\/v2\/types\/post"}],"author":[{"embeddable":true,"href":"https:\/\/www.medskvz.org\/web\/wp-json\/wp\/v2\/users\/11"}],"replies":[{"embeddable":true,"href":"https:\/\/www.medskvz.org\/web\/wp-json\/wp\/v2\/comments?post=15519"}],"version-history":[{"count":1,"href":"https:\/\/www.medskvz.org\/web\/wp-json\/wp\/v2\/posts\/15519\/revisions"}],"predecessor-version":[{"id":15523,"href":"https:\/\/www.medskvz.org\/web\/wp-json\/wp\/v2\/posts\/15519\/revisions\/15523"}],"wp:featuredmedia":[{"embeddable":true,"href":"https:\/\/www.medskvz.org\/web\/wp-json\/wp\/v2\/media\/15520"}],"wp:attachment":[{"href":"https:\/\/www.medskvz.org\/web\/wp-json\/wp\/v2\/media?parent=15519"}],"wp:term":[{"taxonomy":"category","embeddable":true,"href":"https:\/\/www.medskvz.org\/web\/wp-json\/wp\/v2\/categories?post=15519"},{"taxonomy":"post_tag","embeddable":true,"href":"https:\/\/www.medskvz.org\/web\/wp-json\/wp\/v2\/tags?post=15519"}],"curies":[{"name":"wp","href":"https:\/\/api.w.org\/{rel}","templated":true}]}}