{"id":1493,"date":"2012-02-20T17:06:12","date_gmt":"2012-02-20T15:06:12","guid":{"rendered":"http:\/\/www.medskvz.org\/web\/?p=1493"},"modified":"2012-02-20T17:29:46","modified_gmt":"2012-02-20T15:29:46","slug":"1493","status":"publish","type":"post","link":"https:\/\/www.medskvz.org\/web\/2012\/02\/1493\/","title":{"rendered":"LiDraNo 2012."},"content":{"rendered":"<p><a href=\"http:\/\/www.medskvz.org\/web\/?attachment_id=1497\"><img loading=\"lazy\" width=\"529\" height=\"188\" alt=\"\" class=\"alignleft size-full wp-image-1497 colorbox-1493\" src=\"http:\/\/www.medskvz.org\/web\/wp-content\/uploads\/2012\/02\/Lidrano1.jpg\" style=\"width: 288px; height: 102px;\" title=\"Lidrano\" srcset=\"https:\/\/www.medskvz.org\/web\/wp-content\/uploads\/2012\/02\/Lidrano1.jpg 529w, https:\/\/www.medskvz.org\/web\/wp-content\/uploads\/2012\/02\/Lidrano1-300x106.jpg 300w\" sizes=\"(max-width: 529px) 100vw, 529px\" \/><\/a>U\u010denica Karolina De\u017e\u0111ek iz 2.d sa svojim novinarskim radom (putopisom) Glagoljica u kamenu osvojila je prvo mjesto na \u017dupanijskoj smotri LiDraNo u podru\u010dju novinarskog stvarala&scaron;tva te je njezin rad predlo\u017een za daljnji plasman na dr\u017eavnu smotru.<\/p>\n<p>Rad Valentine Vida\u010dek iz 4.d \u017divot s dijabetesom, intervju, pohvaljen je i stavljen u u\u017ei izbor, no na\u017ealost, nije izaban za daljnje natjecanje. Objema u\u010denicama mentorica je prof. Nata&scaron;a Sajko.<\/p>\n<p>\u017dupanijska smotra je odr\u017eana u Elektorstrojarskoj &scaron;koli Vara\u017edin u petak 17. 2. a po prvi put je odr\u017ean i okrugli stol na kojem su u\u010denici mogli upoznati \u017eupanijska povjerenstva i \u010duti njihove ocjene radova i porazgovarati o temama i me\u0111usobnom do\u017eivljaju novinarskog i literarnog stvarala&scaron;tva.<\/p>\n<p>U ponedjeljak 20.2. na \u017dupanijskoj smotri LiDRaNo iz scenskog stvarala&scaron;tva natje\u010du se Petra &Scaron;poljari\u0107 iz 4. d&nbsp; pod&nbsp; mentorskim vodstvom prof. Nata&scaron;e Sajko s pjesmom Balada prevarenog cvije\u0107a Vesne Parun i Tena Hudoletnjak iz 2. c pod mentorskim vodstvom prof. Tihane &Scaron;arec s pjesmom Blago ve\u010de LJube Wiesnera.<\/p>\n","protected":false},"excerpt":{"rendered":"<div class=\"slide-text-bg2\"><span>Uspjeh na\u0161ih u\u010denica na smotri LiDraNo 2012.<\/span><\/div>\n","protected":false},"author":12,"featured_media":1510,"comment_status":"closed","ping_status":"closed","sticky":false,"template":"","format":"standard","meta":[],"categories":[1],"tags":[],"_links":{"self":[{"href":"https:\/\/www.medskvz.org\/web\/wp-json\/wp\/v2\/posts\/1493"}],"collection":[{"href":"https:\/\/www.medskvz.org\/web\/wp-json\/wp\/v2\/posts"}],"about":[{"href":"https:\/\/www.medskvz.org\/web\/wp-json\/wp\/v2\/types\/post"}],"author":[{"embeddable":true,"href":"https:\/\/www.medskvz.org\/web\/wp-json\/wp\/v2\/users\/12"}],"replies":[{"embeddable":true,"href":"https:\/\/www.medskvz.org\/web\/wp-json\/wp\/v2\/comments?post=1493"}],"version-history":[{"count":13,"href":"https:\/\/www.medskvz.org\/web\/wp-json\/wp\/v2\/posts\/1493\/revisions"}],"predecessor-version":[{"id":1513,"href":"https:\/\/www.medskvz.org\/web\/wp-json\/wp\/v2\/posts\/1493\/revisions\/1513"}],"wp:featuredmedia":[{"embeddable":true,"href":"https:\/\/www.medskvz.org\/web\/wp-json\/wp\/v2\/media\/1510"}],"wp:attachment":[{"href":"https:\/\/www.medskvz.org\/web\/wp-json\/wp\/v2\/media?parent=1493"}],"wp:term":[{"taxonomy":"category","embeddable":true,"href":"https:\/\/www.medskvz.org\/web\/wp-json\/wp\/v2\/categories?post=1493"},{"taxonomy":"post_tag","embeddable":true,"href":"https:\/\/www.medskvz.org\/web\/wp-json\/wp\/v2\/tags?post=1493"}],"curies":[{"name":"wp","href":"https:\/\/api.w.org\/{rel}","templated":true}]}}