{"id":12840,"date":"2021-11-30T16:23:45","date_gmt":"2021-11-30T14:23:45","guid":{"rendered":"https:\/\/www.medskvz.org\/web\/?p=12840"},"modified":"2021-12-01T09:53:31","modified_gmt":"2021-12-01T07:53:31","slug":"medicinsku-su-skolu-posjetili-zupan-varazdinske-zupanije-andelko-stricak-i-procelnik-upravnog-odjela-za-prosvjetu-kulturu-i-sport-miroslav-hudek","status":"publish","type":"post","link":"https:\/\/www.medskvz.org\/web\/2021\/11\/medicinsku-su-skolu-posjetili-zupan-varazdinske-zupanije-andelko-stricak-i-procelnik-upravnog-odjela-za-prosvjetu-kulturu-i-sport-miroslav-hudek\/","title":{"rendered":"Medicinsku su \u0161kolu posjetili \u017eupan Vara\u017edinske \u017eupanije An\u0111elko Stri\u010dak i pro\u010delnik Upravnog odjela za prosvjetu, kulturu i sport Miroslav Hu\u0111ek."},"content":{"rendered":"\n<figure class=\"wp-block-image size-large is-resized\"><img src=\"https:\/\/www.medskvz.org\/web\/wp-content\/uploads\/2021\/11\/DSC_782013163-edited.jpg\" alt=\"\" class=\"wp-image-12842 colorbox-12840\" width=\"732\" srcset=\"https:\/\/www.medskvz.org\/web\/wp-content\/uploads\/2021\/11\/DSC_782013163-edited.jpg 1500w, https:\/\/www.medskvz.org\/web\/wp-content\/uploads\/2021\/11\/DSC_782013163-edited-300x169.jpg 300w, https:\/\/www.medskvz.org\/web\/wp-content\/uploads\/2021\/11\/DSC_782013163-edited-1024x575.jpg 1024w, https:\/\/www.medskvz.org\/web\/wp-content\/uploads\/2021\/11\/DSC_782013163-edited-768x432.jpg 768w\" sizes=\"(max-width: 1500px) 100vw, 1500px\" \/><\/figure>\n\n\n\n<blockquote class=\"wp-block-quote\"><p>U utorak, 24. studenoga 2021. godine Medicinsku su \u0161kolu posjetili \u017eupan Vara\u017edinske \u017eupanije An\u0111elko Stri\u010dak i pro\u010delnik Upravnog odjela za prosvjetu, kulturu i sport Miroslav Hu\u0111ek. Cilj posjeta bio je obilazak radova na rekonstrukciji i nadogradnji budu\u0107eg Regionalnog centra kompetentnosti inovativnih zdravstvenih tehnologija.<\/p><\/blockquote>\n\n\n\n<p>Radovi vrijedni ukupno 42 milijuna kuna teku prema planovima, a \u017eupan An\u0111elko Stri\u010dak izjavio je kako je cilj da do kraja idu\u0107e godine u\u010denici Medicinske \u0161kole po\u010dnu s nastavom u novim prostorijama, isti\u010du\u0107i upravo va\u017enost suradnje svih ljudi koji stoje iza realizacije ovog hvalevrijednog projekta.<\/p>\n<p>Ravnateljica mr. sc. Mirjana Grabar Kruljac naglasila je dosada\u0161nju va\u017enost Medicinske \u0161kole u smislu kvalitetne naobrazbe zdravstvenih djelatnika koja se u proteklim godinama pokazala kao imperativ, ali i to da \u0107e se izgradnjom Centra ovdje uspostaviti nadstandard. U \u0161koli \u0107e se provoditi najsofisticiranije radnje vezane uz zdravstvo, a u\u010denicima \u0107e biti omogu\u0107en i topli obrok.<\/p>\n<p>Zna\u010daj projekta vidljiv je i u \u010dinjenici da \u0107e Medicinska \u0161kola, nakon izgradnje i uspostave Regionalnog centra kompetentnosti, postati referentni edukacijski centar iz podru\u010dja medicine za cijelu Hrvatsku, ali i zapadnu Europu.<\/p>\n<p>&nbsp;<\/p>\n\n\n\n<figure class=\"wp-container-2 wp-block-gallery-1 wp-block-gallery columns-3 is-cropped\"><ul class=\"blocks-gallery-grid\"><li class=\"blocks-gallery-item\"><figure><img loading=\"lazy\" width=\"1024\" height=\"683\" src=\"https:\/\/www.medskvz.org\/web\/wp-content\/uploads\/2021\/11\/DSC_7853-1024x683.jpg\" alt=\"\" data-id=\"12846\" data-full-url=\"https:\/\/www.medskvz.org\/web\/wp-content\/uploads\/2021\/11\/DSC_7853.jpg\" data-link=\"https:\/\/www.medskvz.org\/web\/?attachment_id=12846\" class=\"wp-image-12846 colorbox-12840\" srcset=\"https:\/\/www.medskvz.org\/web\/wp-content\/uploads\/2021\/11\/DSC_7853-1024x683.jpg 1024w, https:\/\/www.medskvz.org\/web\/wp-content\/uploads\/2021\/11\/DSC_7853-300x200.jpg 300w, https:\/\/www.medskvz.org\/web\/wp-content\/uploads\/2021\/11\/DSC_7853-768x513.jpg 768w, https:\/\/www.medskvz.org\/web\/wp-content\/uploads\/2021\/11\/DSC_7853.jpg 1500w\" sizes=\"(max-width: 1024px) 100vw, 1024px\" \/><\/figure><\/li><li class=\"blocks-gallery-item\"><figure><img loading=\"lazy\" width=\"1024\" height=\"683\" src=\"https:\/\/www.medskvz.org\/web\/wp-content\/uploads\/2021\/11\/DSC_7729-1024x683.jpg\" alt=\"\" data-id=\"12848\" data-full-url=\"https:\/\/www.medskvz.org\/web\/wp-content\/uploads\/2021\/11\/DSC_7729.jpg\" data-link=\"https:\/\/www.medskvz.org\/web\/?attachment_id=12848\" class=\"wp-image-12848 colorbox-12840\" srcset=\"https:\/\/www.medskvz.org\/web\/wp-content\/uploads\/2021\/11\/DSC_7729-1024x683.jpg 1024w, https:\/\/www.medskvz.org\/web\/wp-content\/uploads\/2021\/11\/DSC_7729-300x200.jpg 300w, https:\/\/www.medskvz.org\/web\/wp-content\/uploads\/2021\/11\/DSC_7729-768x513.jpg 768w, https:\/\/www.medskvz.org\/web\/wp-content\/uploads\/2021\/11\/DSC_7729.jpg 1500w\" sizes=\"(max-width: 1024px) 100vw, 1024px\" \/><\/figure><\/li><li class=\"blocks-gallery-item\"><figure><img loading=\"lazy\" width=\"1024\" height=\"683\" src=\"https:\/\/www.medskvz.org\/web\/wp-content\/uploads\/2021\/11\/DSC_7661-1024x683.jpg\" alt=\"\" data-id=\"12849\" data-full-url=\"https:\/\/www.medskvz.org\/web\/wp-content\/uploads\/2021\/11\/DSC_7661.jpg\" data-link=\"https:\/\/www.medskvz.org\/web\/?attachment_id=12849\" class=\"wp-image-12849 colorbox-12840\" srcset=\"https:\/\/www.medskvz.org\/web\/wp-content\/uploads\/2021\/11\/DSC_7661-1024x683.jpg 1024w, https:\/\/www.medskvz.org\/web\/wp-content\/uploads\/2021\/11\/DSC_7661-300x200.jpg 300w, https:\/\/www.medskvz.org\/web\/wp-content\/uploads\/2021\/11\/DSC_7661-768x513.jpg 768w, https:\/\/www.medskvz.org\/web\/wp-content\/uploads\/2021\/11\/DSC_7661.jpg 1500w\" sizes=\"(max-width: 1024px) 100vw, 1024px\" \/><\/figure><\/li><\/ul><\/figure>\n\n\n\n\n\n<figure class=\"wp-block-image size-large is-resized\"><img loading=\"lazy\" src=\"https:\/\/www.medskvz.org\/web\/wp-content\/uploads\/2021\/11\/Emblem-RCK-projekt-1024x123.png\" alt=\"\" class=\"wp-image-12850 colorbox-12840\" width=\"664\" height=\"79\" srcset=\"https:\/\/www.medskvz.org\/web\/wp-content\/uploads\/2021\/11\/Emblem-RCK-projekt-1024x123.png 1024w, https:\/\/www.medskvz.org\/web\/wp-content\/uploads\/2021\/11\/Emblem-RCK-projekt-300x36.png 300w, https:\/\/www.medskvz.org\/web\/wp-content\/uploads\/2021\/11\/Emblem-RCK-projekt-768x92.png 768w, https:\/\/www.medskvz.org\/web\/wp-content\/uploads\/2021\/11\/Emblem-RCK-projekt-1536x184.png 1536w, https:\/\/www.medskvz.org\/web\/wp-content\/uploads\/2021\/11\/Emblem-RCK-projekt-2048x246.png 2048w\" sizes=\"(max-width: 664px) 100vw, 664px\" \/><\/figure>\n\n\n\n<div class=\"wp-container-6 wp-block-columns\">\n<div class=\"wp-container-3 wp-block-column\">\n<p><a href=\"https:\/\/regionalni.com\/foto-napreduju-radovi-na-rekonstrukciji-i-dogradnji-vrijedni-42-milijuna-kuna\/\" target=\"_blank\" rel=\"noopener\"><span style=\"color: #0000ff;\"><strong>Regionalni tjednik<\/strong><\/span><\/a><\/p>\n\n\n<\/div>\n\n\n\n<div class=\"wp-container-4 wp-block-column\">\n<p><strong><a href=\"https:\/\/www.varazdinske-vijesti.hr\/drustvo\/foto-ovo-nije-americki-film-nego-stvarnost-53708\" target=\"_blank\" rel=\"noopener\"><span style=\"background-color: #0000ff;\"><span style=\"background-color: #ffffff; color: #0000ff;\">Vara\u017edinske vijest<\/span><span style=\"background-color: #ffffff;\">i<\/span><\/span><\/a><\/strong><\/p>\n<\/div>\n\n\n\n<div class=\"wp-container-5 wp-block-column\">\n<p><a href=\"https:\/\/www.eivanec.com\/zupan-stricak-i-procelnik-hudek-u-pratnji-ravnateljice-grabar-kruljac-obisli-radove-na-medicinskoj-skoli-varazdin\" target=\"_blank\" rel=\"noopener\"><strong><span style=\"color: #0000ff;\"><span style=\"background-color: #ffffff;\">e Ivanec<\/span><\/span><\/strong><\/a><\/p>\n<\/div>\n<\/div>\n\n\n\n<figure class=\"wp-block-embed aligncenter is-type-video is-provider-youtube wp-block-embed-youtube wp-embed-aspect-16-9 wp-has-aspect-ratio\"><div class=\"wp-block-embed__wrapper\">\n<iframe loading=\"lazy\" title=\"VTV Dnevnik 24. studenoga 2021.\" width=\"500\" height=\"281\" src=\"https:\/\/www.youtube.com\/embed\/cqeY-M00p0E?list=PLGilM8TzbcV7cdWn0uowqLlvqB920XrPD\" frameborder=\"0\" allow=\"accelerometer; autoplay; clipboard-write; encrypted-media; gyroscope; picture-in-picture\" allowfullscreen><\/iframe>\n<\/div><\/figure>\n","protected":false},"excerpt":{"rendered":"<div class=\"slide-text-bg2\"><span>U utorak, 24. studenoga 2021. godine Medicinsku su \u0161kolu posjetili \u017eupan Vara\u017edinske \u017eupanije An\u0111elko Stri\u010dak i pro\u010delnik Upravnog odjela za prosvje<\/span><\/div>\n<div class=\"slide-btn-area-sm\"><a href=\"https:\/\/www.medskvz.org\/web\/2021\/11\/medicinsku-su-skolu-posjetili-zupan-varazdinske-zupanije-andelko-stricak-i-procelnik-upravnog-odjela-za-prosvjetu-kulturu-i-sport-miroslav-hudek\/\" class=\"slide-btn-sm\">Pro\u010ditaj vi\u0161e<\/a><\/div>\n","protected":false},"author":12,"featured_media":0,"comment_status":"closed","ping_status":"open","sticky":false,"template":"","format":"standard","meta":[],"categories":[65,1],"tags":[],"_links":{"self":[{"href":"https:\/\/www.medskvz.org\/web\/wp-json\/wp\/v2\/posts\/12840"}],"collection":[{"href":"https:\/\/www.medskvz.org\/web\/wp-json\/wp\/v2\/posts"}],"about":[{"href":"https:\/\/www.medskvz.org\/web\/wp-json\/wp\/v2\/types\/post"}],"author":[{"embeddable":true,"href":"https:\/\/www.medskvz.org\/web\/wp-json\/wp\/v2\/users\/12"}],"replies":[{"embeddable":true,"href":"https:\/\/www.medskvz.org\/web\/wp-json\/wp\/v2\/comments?post=12840"}],"version-history":[{"count":9,"href":"https:\/\/www.medskvz.org\/web\/wp-json\/wp\/v2\/posts\/12840\/revisions"}],"predecessor-version":[{"id":12876,"href":"https:\/\/www.medskvz.org\/web\/wp-json\/wp\/v2\/posts\/12840\/revisions\/12876"}],"wp:attachment":[{"href":"https:\/\/www.medskvz.org\/web\/wp-json\/wp\/v2\/media?parent=12840"}],"wp:term":[{"taxonomy":"category","embeddable":true,"href":"https:\/\/www.medskvz.org\/web\/wp-json\/wp\/v2\/categories?post=12840"},{"taxonomy":"post_tag","embeddable":true,"href":"https:\/\/www.medskvz.org\/web\/wp-json\/wp\/v2\/tags?post=12840"}],"curies":[{"name":"wp","href":"https:\/\/api.w.org\/{rel}","templated":true}]}}