{"id":10998,"date":"2020-10-05T18:57:41","date_gmt":"2020-10-05T16:57:41","guid":{"rendered":"https:\/\/www.medskvz.org\/web\/?p=10998"},"modified":"2020-10-06T15:23:25","modified_gmt":"2020-10-06T13:23:25","slug":"zakljucak-o-pokretanju-projekta-sufinanciranja-prehrane-ucenika-srednjih-skola","status":"publish","type":"post","link":"https:\/\/www.medskvz.org\/web\/2020\/10\/zakljucak-o-pokretanju-projekta-sufinanciranja-prehrane-ucenika-srednjih-skola\/","title":{"rendered":"Sufinanciranje prehrane u\u010denika srednjih \u0161kola u \u0161kolskoj godini 2020.\/2021."},"content":{"rendered":"\n<p>Vara\u017edinska \u017eupanija donijela je <strong>Zaklju\u010dak o pokretanju projekta sufinanciranja prehrane u\u010denicima srednjih \u0161kola kojima je osniva\u010d Vara\u017edinska \u017eupanija u \u0161kolskoj godini 2020.\/21.<\/strong><\/p>\n<p>Sve informacije o sufinanciranju mo\u017eete prona\u0107i u sljede\u0107im dokumentima:<\/p>\n<p><a href=\"https:\/\/www.medskvz.org\/web\/wp-content\/uploads\/2020\/10\/1-Zakljucak-o-pokretanju-projekta-sufinanciranja-prehrane-srednjoskolaca.pdf\">Zaklju\u010dak o pokretanju projekta sufinanciranja prehrane u\u010denicima srednjih \u0161kola kojima je osniva\u010d Vara\u017edinska \u017eupanija u \u0161kolskoj godini 2020.\/21.<\/a><\/p>\n<p><a href=\"https:\/\/www.medskvz.org\/web\/wp-content\/uploads\/2020\/10\/Javni-poziv-sufinanciranje-prehrane-2020-21.pdf\">Javni poziv za u\u010denike koji \u0107e ostvariti pravo na sufinanciranje \u0161kolske prehrane<\/a><\/p>\n<p>A obrazac za prijavu mo\u017eete preuzeti ovdje:<br \/><strong><a href=\"https:\/\/www.medskvz.org\/web\/wp-content\/uploads\/2020\/10\/ZAHTJEV-za-sufinanciranje-prehrane-ucenika-2020-2021.pdf\">Obrazac &#8220;Zahtjev za sufinanciranje prehrane u\u010denika&#8221;<\/a><\/strong><\/p>\n","protected":false},"excerpt":{"rendered":"<div class=\"slide-text-bg2\"><span>Vara\u017edinska \u017eupanija donijela je Zaklju\u010dak o pokretanju projekta sufinanciranja prehrane u\u010denicima srednjih \u0161kola kojima je osniva\u010d Vara\u017edinska \u017eup<\/span><\/div>\n<div class=\"slide-btn-area-sm\"><a href=\"https:\/\/www.medskvz.org\/web\/2020\/10\/zakljucak-o-pokretanju-projekta-sufinanciranja-prehrane-ucenika-srednjih-skola\/\" class=\"slide-btn-sm\">Pro\u010ditaj vi\u0161e<\/a><\/div>\n","protected":false},"author":12,"featured_media":0,"comment_status":"closed","ping_status":"open","sticky":false,"template":"","format":"standard","meta":[],"categories":[1],"tags":[],"_links":{"self":[{"href":"https:\/\/www.medskvz.org\/web\/wp-json\/wp\/v2\/posts\/10998"}],"collection":[{"href":"https:\/\/www.medskvz.org\/web\/wp-json\/wp\/v2\/posts"}],"about":[{"href":"https:\/\/www.medskvz.org\/web\/wp-json\/wp\/v2\/types\/post"}],"author":[{"embeddable":true,"href":"https:\/\/www.medskvz.org\/web\/wp-json\/wp\/v2\/users\/12"}],"replies":[{"embeddable":true,"href":"https:\/\/www.medskvz.org\/web\/wp-json\/wp\/v2\/comments?post=10998"}],"version-history":[{"count":2,"href":"https:\/\/www.medskvz.org\/web\/wp-json\/wp\/v2\/posts\/10998\/revisions"}],"predecessor-version":[{"id":11038,"href":"https:\/\/www.medskvz.org\/web\/wp-json\/wp\/v2\/posts\/10998\/revisions\/11038"}],"wp:attachment":[{"href":"https:\/\/www.medskvz.org\/web\/wp-json\/wp\/v2\/media?parent=10998"}],"wp:term":[{"taxonomy":"category","embeddable":true,"href":"https:\/\/www.medskvz.org\/web\/wp-json\/wp\/v2\/categories?post=10998"},{"taxonomy":"post_tag","embeddable":true,"href":"https:\/\/www.medskvz.org\/web\/wp-json\/wp\/v2\/tags?post=10998"}],"curies":[{"name":"wp","href":"https:\/\/api.w.org\/{rel}","templated":true}]}}